{"id":26650,"date":"2016-10-14T10:13:21","date_gmt":"2016-10-14T15:13:21","guid":{"rendered":"https:\/\/radiowebmx.com\/nota\/?p=26650"},"modified":"2016-10-14T10:13:21","modified_gmt":"2016-10-14T15:13:21","slug":"alfonso-martinez-promueve-la-belleza-patrimonial-de-morelia-a-nivel-nacional","status":"publish","type":"post","link":"https:\/\/radiowebmx.com\/nota\/alfonso-martinez-promueve-la-belleza-patrimonial-de-morelia-a-nivel-nacional\/","title":{"rendered":"Alfonso Mart\u00ednez promueve la belleza patrimonial de Morelia a nivel nacional"},"content":{"rendered":"<p>Con el objetivo de reforzar la promoci\u00f3n tur\u00edstica a 25 a\u00f1os de que Morelia fuera declarada Patrimonio Cultural de la Humanidad, la capital de Michoac\u00e1n ser\u00e1 promovida a trav\u00e9s de una exposici\u00f3n fotogr\u00e1fica que tendr\u00e1 lugar en la Ciudad de M\u00e9xico, Guadalajara y Monterrey.<\/p>\n<p>De esta forma, el Presidente Municipal, Alfonso Mart\u00ednez Alc\u00e1zar, encabez\u00f3 la presentaci\u00f3n de esta colecci\u00f3n de 40 im\u00e1genes que detallan los lugares y sitios m\u00e1s emblem\u00e1ticos de la ciudad, en el Parque Fundidora de Monterrey, Nuevo Le\u00f3n.<\/p>\n<p>Acompa\u00f1ado por los Regidores Jorge Luis Tinoco, Adela Alejandre Flores, Alma Bahena Villalobos, Mar\u00eda Elisa Garrido P\u00e9rez y F\u00e9lix Madrigal Pulido; adem\u00e1s de la Secretaria de Turismo Municipal, Thelma Aquique Arrieta y Miguel Cant\u00fa Gonz\u00e1lez, Subsecretario de Turismo de Nuevo Le\u00f3n, Mart\u00ednez Alc\u00e1zar recorri\u00f3 la exposici\u00f3n que ilustra la belleza arquitect\u00f3nica de Morelia, y que refrenda el lazo entre los dos gobiernos independientes del pa\u00eds.<\/p>\n<p>En este marco, destac\u00f3 que \u00e9sta es tan s\u00f3lo una de las acciones emprendidas por el Ayuntamiento capitalino para mostrar la riqueza cultural de la que goza el municipio, ante los ojos de los cientos de mexicanos y extranjeros que acuden a este ic\u00f3nico parque urbano.<\/p>\n<p>El Presidente Municipal, detall\u00f3 que no s\u00f3lo las m\u00e1s de 40 im\u00e1genes colocadas a lo largo del Parque Fundidora resaltan la belleza arquitect\u00f3nica de la ciudad, sino que adem\u00e1s la exposici\u00f3n ostenta las artesan\u00edas elaboradas en las Tenencias, a trav\u00e9s de algunas figuras de barro de Capula que tambi\u00e9n forman parte de esta exhibici\u00f3n.<\/p>\n<p>Bajo este contexto, record\u00f3 que gracias a los distintos proyectos de difusi\u00f3n tur\u00edstica, este a\u00f1o, la capital del estado ha superado las cifras en cuanto a visitantes y ocupaci\u00f3n hotelera se refiere, adem\u00e1s que la oferta de servicios se ha diversificado para brindar un abanico de opciones para los turistas.<\/p>\n<p>\u201cEn el Gobierno Municipal que me honro en presidir estamos haciendo las cosas diferentes para obtener resultados distintos, y hasta el momento en materia tur\u00edstica hemos tenido un avance sostenido, lo que significa que las estrategias realizadas han sido favorables, por ello, seguiremos apostando por esta ruta y con ello, continuar posicionando a la ciudad como uno de los principales destinos tur\u00edsticos no playa del pa\u00eds\u201d, afirm\u00f3 el Jefe de la Comuna Moreliana.<\/p>\n<p>Posteriormente, el Alcalde, Alfonso Mart\u00ednez aprovecho su estancia en Monterrey para asistir al Primer Informe de Gobierno del Mandatario de Nuevo Le\u00f3n, Jaime Rodr\u00edguez Calder\u00f3n, en donde estuvo acompa\u00f1ado por Presidentes Municipales, legisladores, funcionarios federales y estatales.<\/p>\n","protected":false},"excerpt":{"rendered":"<p>Con el objetivo de reforzar la promoci\u00f3n tur\u00edstica a 25 a\u00f1os de que Morelia fuera declarada Patrimonio Cultural de la Humanidad, la capital de Michoac\u00e1n ser\u00e1 promovida a trav\u00e9s de una exposici\u00f3n fotogr\u00e1fica que tendr\u00e1 lugar en la Ciudad de M\u00e9xico, Guadalajara y Monterrey.<\/p>\n","protected":false},"author":1,"featured_media":26651,"comment_status":"open","ping_status":"open","sticky":false,"template":"","format":"standard","meta":{"footnotes":""},"categories":[14,9],"tags":[],"class_list":["post-26650","post","type-post","status-publish","format-standard","has-post-thumbnail","hentry","category-destacadas","category-morelia"],"_links":{"self":[{"href":"https:\/\/radiowebmx.com\/nota\/wp-json\/wp\/v2\/posts\/26650","targetHints":{"allow":["GET"]}}],"collection":[{"href":"https:\/\/radiowebmx.com\/nota\/wp-json\/wp\/v2\/posts"}],"about":[{"href":"https:\/\/radiowebmx.com\/nota\/wp-json\/wp\/v2\/types\/post"}],"author":[{"embeddable":true,"href":"https:\/\/radiowebmx.com\/nota\/wp-json\/wp\/v2\/users\/1"}],"replies":[{"embeddable":true,"href":"https:\/\/radiowebmx.com\/nota\/wp-json\/wp\/v2\/comments?post=26650"}],"version-history":[{"count":1,"href":"https:\/\/radiowebmx.com\/nota\/wp-json\/wp\/v2\/posts\/26650\/revisions"}],"predecessor-version":[{"id":26652,"href":"https:\/\/radiowebmx.com\/nota\/wp-json\/wp\/v2\/posts\/26650\/revisions\/26652"}],"wp:featuredmedia":[{"embeddable":true,"href":"https:\/\/radiowebmx.com\/nota\/wp-json\/wp\/v2\/media\/26651"}],"wp:attachment":[{"href":"https:\/\/radiowebmx.com\/nota\/wp-json\/wp\/v2\/media?parent=26650"}],"wp:term":[{"taxonomy":"category","embeddable":true,"href":"https:\/\/radiowebmx.com\/nota\/wp-json\/wp\/v2\/categories?post=26650"},{"taxonomy":"post_tag","embeddable":true,"href":"https:\/\/radiowebmx.com\/nota\/wp-json\/wp\/v2\/tags?post=26650"}],"curies":[{"name":"wp","href":"https:\/\/api.w.org\/{rel}","templated":true}]}}