{"id":26647,"date":"2016-10-13T15:07:23","date_gmt":"2016-10-13T20:07:23","guid":{"rendered":"https:\/\/radiowebmx.com\/nota\/?p=26647"},"modified":"2016-10-13T15:07:23","modified_gmt":"2016-10-13T20:07:23","slug":"se-fortalece-la-infraestructura-del-telebachillerato-michoacan","status":"publish","type":"post","link":"https:\/\/radiowebmx.com\/nota\/se-fortalece-la-infraestructura-del-telebachillerato-michoacan\/","title":{"rendered":"Se fortalece la infraestructura del Telebachillerato Michoac\u00e1n"},"content":{"rendered":"<p><strong>Morelia, Michoac\u00e1n, a 13 de octubre de 2016.-<\/strong>\u00a0Como parte del compromiso del Gobierno del Estado de ampliar la infraestructura educativa en la entidad, Telebachillerato Michoac\u00e1n recibi\u00f3 la donaci\u00f3n de un edificio ubicado en la localidad de Pucuato, municipio de Hidalgo, que ha sido adecuado para que los j\u00f3venes de esta zona contin\u00faen sus estudios.<\/p>\n<p>&nbsp;<\/p>\n<p>Durante un encuentro con el director general de Telebachillerato Michoac\u00e1n, Francisco Mora Cipr\u00e9s, los ejidatarios de esta localidad por votaci\u00f3n un\u00e1nime donaron el edificio con todo y el terreno, donde se encontraba la Jefatura de Tenencia, pero ahora albergar\u00e1 al plantel 63 del subsistema.<\/p>\n<p>&nbsp;<\/p>\n<p>Mora Cipr\u00e9s mencion\u00f3 que esta acci\u00f3n es prueba del inter\u00e9s por parte de dicha comunidad en sacar a sus j\u00f3venes adelante, extern\u00f3 el agradecimiento del Gobernador Silvano Aureoles Conejo y destac\u00f3 la importancia de que la sociedad se organice en pro de sus localidades y coadyuve con los esfuerzos gubernamentales.<\/p>\n<p>&nbsp;<\/p>\n<p>\u201cEs gratificante ver c\u00f3mo la sociedad, padres de familia, encargados del orden y ejidatarios, aportan con el objetivo de que el d\u00eda de ma\u00f1ana estos j\u00f3venes puedan encontrar mejores oportunidades y superarse profesionalmente\u201d, extern\u00f3.<\/p>\n<p>&nbsp;<\/p>\n<p>Por \u00faltimo, refrend\u00f3 el compromiso del Telabachillerato Michoac\u00e1n con la educaci\u00f3n de calidad, y asegur\u00f3 que seguir\u00e1 haciendo las gestiones necesarias para impulsar la infraestructura del subsistema, en beneficio de los m\u00e1s de 10 mil estudiantes inscritos.<\/p>\n","protected":false},"excerpt":{"rendered":"<p>Como parte del compromiso del Gobierno del Estado de ampliar la infraestructura educativa en la entidad, Telebachillerato Michoac\u00e1n recibi\u00f3 la donaci\u00f3n de un edificio ubicado en la localidad de Pucuato, municipio de Hidalgo, que ha sido adecuado para que los j\u00f3venes de esta zona contin\u00faen sus estudios.<\/p>\n","protected":false},"author":1,"featured_media":26648,"comment_status":"open","ping_status":"open","sticky":false,"template":"","format":"standard","meta":{"footnotes":""},"categories":[14,3],"tags":[],"class_list":["post-26647","post","type-post","status-publish","format-standard","has-post-thumbnail","hentry","category-destacadas","category-gobierno-del-estado-de-michoacan"],"_links":{"self":[{"href":"https:\/\/radiowebmx.com\/nota\/wp-json\/wp\/v2\/posts\/26647","targetHints":{"allow":["GET"]}}],"collection":[{"href":"https:\/\/radiowebmx.com\/nota\/wp-json\/wp\/v2\/posts"}],"about":[{"href":"https:\/\/radiowebmx.com\/nota\/wp-json\/wp\/v2\/types\/post"}],"author":[{"embeddable":true,"href":"https:\/\/radiowebmx.com\/nota\/wp-json\/wp\/v2\/users\/1"}],"replies":[{"embeddable":true,"href":"https:\/\/radiowebmx.com\/nota\/wp-json\/wp\/v2\/comments?post=26647"}],"version-history":[{"count":1,"href":"https:\/\/radiowebmx.com\/nota\/wp-json\/wp\/v2\/posts\/26647\/revisions"}],"predecessor-version":[{"id":26649,"href":"https:\/\/radiowebmx.com\/nota\/wp-json\/wp\/v2\/posts\/26647\/revisions\/26649"}],"wp:featuredmedia":[{"embeddable":true,"href":"https:\/\/radiowebmx.com\/nota\/wp-json\/wp\/v2\/media\/26648"}],"wp:attachment":[{"href":"https:\/\/radiowebmx.com\/nota\/wp-json\/wp\/v2\/media?parent=26647"}],"wp:term":[{"taxonomy":"category","embeddable":true,"href":"https:\/\/radiowebmx.com\/nota\/wp-json\/wp\/v2\/categories?post=26647"},{"taxonomy":"post_tag","embeddable":true,"href":"https:\/\/radiowebmx.com\/nota\/wp-json\/wp\/v2\/tags?post=26647"}],"curies":[{"name":"wp","href":"https:\/\/api.w.org\/{rel}","templated":true}]}}