{"id":26614,"date":"2016-10-13T12:46:09","date_gmt":"2016-10-13T17:46:09","guid":{"rendered":"https:\/\/radiowebmx.com\/nota\/?p=26614"},"modified":"2016-10-13T12:46:09","modified_gmt":"2016-10-13T17:46:09","slug":"realiza-secretaria-de-servicios-publicos-municipales-relevo-institucional-en-direccion-de-imagen-urbana","status":"publish","type":"post","link":"https:\/\/radiowebmx.com\/nota\/realiza-secretaria-de-servicios-publicos-municipales-relevo-institucional-en-direccion-de-imagen-urbana\/","title":{"rendered":"Realiza Secretar\u00eda de Servicios P\u00fablicos Municipales relevo institucional en Direcci\u00f3n de Imagen Urbana"},"content":{"rendered":"<p>Con el prop\u00f3sito de \u00a0fortalecer el trabajo de la Secretar\u00eda de Servicios P\u00fablicos, este jueves\u00a0 se realiz\u00f3 el relevo del titular de la Direcci\u00f3n de Imagen Urbana, cargo que ahora ser\u00e1 ocupado por Alfonso Arag\u00f3n Mej\u00eda, en relevo de Jos\u00e9 Antonio Mej\u00eda Villase\u00f1or.<\/p>\n<p>El Secretario de Administraci\u00f3n, Yankel Ben\u00edtez Silva, fue el encargado de realizar el relevo institucional y dar la bienvenida a Arag\u00f3n Mej\u00eda, as\u00ed como agradecer a Mej\u00eda Villase\u00f1or, por su desempe\u00f1o frente a esta importante Direcci\u00f3n.<\/p>\n<p>En este marco, el funcionario municipal, conmin\u00f3 al nuevo servidor\u00a0 p\u00fablico a sumarse al proyecto del Presidente Municipal, Alfonso Mart\u00ednez Alc\u00e1zar, a fin de continuar cuidando la imagen urbana en el municipio y exaltar su belleza arquitect\u00f3nica.<\/p>\n<p>Por su parte, el funcionario saliente agradeci\u00f3 el apoyo recibido de todo el personal de la dependencia que tuvo a su cargo, enfatizando la confianza del Alcalde, as\u00ed como el respaldo del Secretario de Servicios P\u00fablicos, Jos\u00e9 Luis Gil V\u00e1zquez.<\/p>\n<p>En tanto, el nuevo titular Imagen Urbana, Arag\u00f3n Mej\u00eda, quien fung\u00eda anteriormente como jefe de departamento en el \u00e1rea de Tr\u00e1nsito, Vialidad y Se\u00f1al\u00e9tica de la Secretar\u00eda de Desarrollo Metropolitano e Infraestructura, aprovech\u00f3 la presencia del personal para solicitarles trabajar con ah\u00ednco.<\/p>\n<p>Por su parte, Jos\u00e9 Luis Gil V\u00e1zquez, Secretario de Servicios P\u00fablicos, se dirigi\u00f3 al nuevo funcionario para darle la bienvenida y externar su incondicional apoyo. En este sentido, reconoci\u00f3 que esta dependencia tiene un reto muy importante, por lo que pidi\u00f3 se redoblen esfuerzos para hacer de Morelia una mejor ciudad.<\/p>\n<p>Asimismo agradeci\u00f3 a Mej\u00eda Villase\u00f1or, por el esfuerzo y su trabaj\u00f3 de la mano con esta Administraci\u00f3n y al dirigirse a los trabajadores de Imagen Urbana, coment\u00f3 &#8220;esperamos contar con el respaldo de ustedes, para lo que sea necesario reforzar, sea directamente con el nuevo titular, ya que estar\u00e9 muy pendiente de las necesidades de ustedes&#8221;.<\/p>\n","protected":false},"excerpt":{"rendered":"<p>Con el prop\u00f3sito de  fortalecer el trabajo de la Secretar\u00eda de Servicios P\u00fablicos, este jueves  se realiz\u00f3 el relevo del titular de la Direcci\u00f3n de Imagen Urbana, cargo que ahora ser\u00e1 ocupado por Alfonso Arag\u00f3n Mej\u00eda, en relevo de Jos\u00e9 Antonio Mej\u00eda Villase\u00f1or.<\/p>\n","protected":false},"author":1,"featured_media":26615,"comment_status":"open","ping_status":"open","sticky":false,"template":"","format":"standard","meta":{"footnotes":""},"categories":[14,9],"tags":[],"class_list":["post-26614","post","type-post","status-publish","format-standard","has-post-thumbnail","hentry","category-destacadas","category-morelia"],"_links":{"self":[{"href":"https:\/\/radiowebmx.com\/nota\/wp-json\/wp\/v2\/posts\/26614","targetHints":{"allow":["GET"]}}],"collection":[{"href":"https:\/\/radiowebmx.com\/nota\/wp-json\/wp\/v2\/posts"}],"about":[{"href":"https:\/\/radiowebmx.com\/nota\/wp-json\/wp\/v2\/types\/post"}],"author":[{"embeddable":true,"href":"https:\/\/radiowebmx.com\/nota\/wp-json\/wp\/v2\/users\/1"}],"replies":[{"embeddable":true,"href":"https:\/\/radiowebmx.com\/nota\/wp-json\/wp\/v2\/comments?post=26614"}],"version-history":[{"count":1,"href":"https:\/\/radiowebmx.com\/nota\/wp-json\/wp\/v2\/posts\/26614\/revisions"}],"predecessor-version":[{"id":26616,"href":"https:\/\/radiowebmx.com\/nota\/wp-json\/wp\/v2\/posts\/26614\/revisions\/26616"}],"wp:featuredmedia":[{"embeddable":true,"href":"https:\/\/radiowebmx.com\/nota\/wp-json\/wp\/v2\/media\/26615"}],"wp:attachment":[{"href":"https:\/\/radiowebmx.com\/nota\/wp-json\/wp\/v2\/media?parent=26614"}],"wp:term":[{"taxonomy":"category","embeddable":true,"href":"https:\/\/radiowebmx.com\/nota\/wp-json\/wp\/v2\/categories?post=26614"},{"taxonomy":"post_tag","embeddable":true,"href":"https:\/\/radiowebmx.com\/nota\/wp-json\/wp\/v2\/tags?post=26614"}],"curies":[{"name":"wp","href":"https:\/\/api.w.org\/{rel}","templated":true}]}}