{"id":26577,"date":"2016-10-12T11:50:18","date_gmt":"2016-10-12T16:50:18","guid":{"rendered":"https:\/\/radiowebmx.com\/nota\/?p=26577"},"modified":"2016-10-12T11:50:18","modified_gmt":"2016-10-12T16:50:18","slug":"respalda-ayuntamiento-de-morelia-el-segundo-forum-de-negocios","status":"publish","type":"post","link":"https:\/\/radiowebmx.com\/nota\/respalda-ayuntamiento-de-morelia-el-segundo-forum-de-negocios\/","title":{"rendered":"Respalda Ayuntamiento de Morelia el Segundo Forum de Negocios"},"content":{"rendered":"<p>El Ayuntamiento de Morelia que encabeza el Alcalde, Alfonso Mart\u00ednez Alc\u00e1zar se suma a la organizaci\u00f3n del Segundo Forum de Negocios que se llevar\u00e1 a cabo los d\u00edas 17 y 18 del presente mes teniendo como sede la capital michoacana.<\/p>\n<p>El director de Emprendimiento y Empleo, dependiente de la Secretar\u00eda de Desarrollo Econ\u00f3mico y Emprendedor, Felipe Cortez Espinoza, resalt\u00f3 que el Ayuntamiento coadyuva en el \u00e1rea de capacitaci\u00f3n junto con el Gobierno del Estado y la iniciativa privada, para fomentar este tipo de eventos.<\/p>\n<p>Celebr\u00f3 que tras realizar este Forum de Negocios en ciudades grandes como M\u00e9xico y Guadalajara, en esta ocasi\u00f3n se voltear\u00e1\u00a0a ver a Morelia, con el fin de que los j\u00f3venes emprendedores, empresarios y peque\u00f1as y medianas empresas cuenten con herramientas para crecer, consolidar e innovar sus establecimientos.<\/p>\n<p>El Forum de Negocios, ofrece una plataforma \u00fanica para que las empresas y emprendedores busquen nuevas alternativas para hacer negocios.<\/p>\n<p>Las Peque\u00f1as y Medianas empresas representan en M\u00e9xico, el 80 por ciento de la econom\u00eda del pa\u00eds, y de acuerdo a estudios oficiales, de 10 empresas que abren, solo una logra sobrevivir el primer a\u00f1o, y de cada 10 empresas solo 3 logran llegar a los cinco a\u00f1os de vida.<\/p>\n<p>De ah\u00ed, que el funcionario del gobierno municipal de Morelia, refrend\u00f3 el compromiso del alcalde Alfonso Mart\u00ednez Alc\u00e1zar y de la titular de la Secretar\u00eda de Desarrollo Econ\u00f3mico y Emprendedor, Ireri Rivera Garc\u00eda, de\u00a0 ejecutar pol\u00edticas p\u00fablicas que abonen en el fortalecimiento de la econom\u00eda local y que impulsen las ideas de \u00e9xito que los emprendedores crean y que solo les falta la ayuda apropiada para crear negocios.<\/p>\n","protected":false},"excerpt":{"rendered":"<p>El Ayuntamiento de Morelia que encabeza el Alcalde, Alfonso Mart\u00ednez Alc\u00e1zar se suma a la organizaci\u00f3n del Segundo Forum de Negocios que se llevar\u00e1 a cabo los d\u00edas 17 y 18 del presente mes teniendo como sede la capital michoacana.<\/p>\n","protected":false},"author":1,"featured_media":26578,"comment_status":"open","ping_status":"open","sticky":false,"template":"","format":"standard","meta":{"footnotes":""},"categories":[14,9],"tags":[],"class_list":["post-26577","post","type-post","status-publish","format-standard","has-post-thumbnail","hentry","category-destacadas","category-morelia"],"_links":{"self":[{"href":"https:\/\/radiowebmx.com\/nota\/wp-json\/wp\/v2\/posts\/26577","targetHints":{"allow":["GET"]}}],"collection":[{"href":"https:\/\/radiowebmx.com\/nota\/wp-json\/wp\/v2\/posts"}],"about":[{"href":"https:\/\/radiowebmx.com\/nota\/wp-json\/wp\/v2\/types\/post"}],"author":[{"embeddable":true,"href":"https:\/\/radiowebmx.com\/nota\/wp-json\/wp\/v2\/users\/1"}],"replies":[{"embeddable":true,"href":"https:\/\/radiowebmx.com\/nota\/wp-json\/wp\/v2\/comments?post=26577"}],"version-history":[{"count":1,"href":"https:\/\/radiowebmx.com\/nota\/wp-json\/wp\/v2\/posts\/26577\/revisions"}],"predecessor-version":[{"id":26579,"href":"https:\/\/radiowebmx.com\/nota\/wp-json\/wp\/v2\/posts\/26577\/revisions\/26579"}],"wp:featuredmedia":[{"embeddable":true,"href":"https:\/\/radiowebmx.com\/nota\/wp-json\/wp\/v2\/media\/26578"}],"wp:attachment":[{"href":"https:\/\/radiowebmx.com\/nota\/wp-json\/wp\/v2\/media?parent=26577"}],"wp:term":[{"taxonomy":"category","embeddable":true,"href":"https:\/\/radiowebmx.com\/nota\/wp-json\/wp\/v2\/categories?post=26577"},{"taxonomy":"post_tag","embeddable":true,"href":"https:\/\/radiowebmx.com\/nota\/wp-json\/wp\/v2\/tags?post=26577"}],"curies":[{"name":"wp","href":"https:\/\/api.w.org\/{rel}","templated":true}]}}