{"id":26571,"date":"2016-10-12T11:40:09","date_gmt":"2016-10-12T16:40:09","guid":{"rendered":"https:\/\/radiowebmx.com\/nota\/?p=26571"},"modified":"2017-01-10T14:55:19","modified_gmt":"2017-01-10T20:55:19","slug":"se-inaugura-cancha-de-usos-multiples-en-escuela-primaria-de-uruetaro","status":"publish","type":"post","link":"https:\/\/radiowebmx.com\/nota\/se-inaugura-cancha-de-usos-multiples-en-escuela-primaria-de-uruetaro\/","title":{"rendered":"Se inaugura cancha de Usos M\u00faltiples en Escuela Primaria de Uruetaro"},"content":{"rendered":"<p><img loading=\"lazy\" decoding=\"async\" class=\"wp-image-26572 alignnone\" src=\"https:\/\/radiowebmx.com\/nota\/wp-content\/uploads\/2016\/10\/IMG_0419.jpg\" alt=\"img_0419\" width=\"511\" height=\"383\" srcset=\"https:\/\/radiowebmx.com\/nota\/wp-content\/uploads\/2016\/10\/IMG_0419.jpg 709w, https:\/\/radiowebmx.com\/nota\/wp-content\/uploads\/2016\/10\/IMG_0419-300x225.jpg 300w\" sizes=\"auto, (max-width: 511px) 100vw, 511px\" \/><\/p>\n<p>Tar\u00edmbaro Michoac\u00e1n a 7 de octubre del 2016.<br \/>\nEn la comunidad de Uruetaro, m\u00e1s espec\u00edficamente en la escuela primaria &#8220;Emiliano Zapata&#8221; se realiz\u00f3 un acto c\u00edvico con motivo de la inauguraci\u00f3n de la Construcci\u00f3n de Cancha de Usos M\u00faltiples, con una inversi\u00f3n de<br \/>\n$ 284,263.28 (Doscientos ochenta y cuatro mil doscientos sesenta y tres pesos y veintiocho centavos). Dicha Obra beneficiar\u00e1 a m\u00e1s de 200 alumnos.<br \/>\nComo primer punto se realizaron los honores a la bandera por parte de la escolta de la primaria, con lo que se dio pie a la presentaci\u00f3n de las personalidades Iv\u00e1n V\u00e1zquez Moreno S\u00edndico Municipal, Mario C\u00e9sar Gaona Garc\u00eda Secretario T\u00e9cnico, Enrique Montoya, Secretario Particular, Regidores del Ayuntamiento: Celeste Garc\u00eda Alfaro, Profr. Karina Calder\u00f3n Garc\u00eda, Salvador Corona Ojeda, Bladimir Gonzales Guti\u00e9rrez, Jos\u00e9 Alejandro B\u00e1rcenas y Joel Paramo. Director de Obras P\u00fablicas Arq. Salvador Garza Ojeda, Director de Educaci\u00f3n Profr. Humberto Fernando Rodr\u00edguez Rodr\u00edguez.<br \/>\nLa emotiva participaci\u00f3n de Mar\u00eda Irais directora de la instituci\u00f3n, al recordar las necesidades que el ayuntamiento que preside el Lic Baltazar Gaona S\u00e1nchez a ayudado a solventar, logr\u00f3 l\u00e1grimas de los presentes. Se desarroll\u00f3 una demostraci\u00f3n de actividades culturales, iniciando con el bailable del son de la negra y el, tambi\u00e9n son de la culebra interpretado por alumnos de primer a\u00f1o, acto seguido se interpret\u00f3 la danza de &#8220;una bonita estampa de Sinaloa&#8221; que realizaron alumnos de tercer grado, dando paso a la representaci\u00f3n bailada de la melod\u00eda &#8220;Jos\u00e9 Alfredo Jimenez&#8221; por los alumnos de cuarto grado, dando por concluido el acto cultural para seguir con la inauguraci\u00f3n que fue realizada por el Edil municipal Lic. Baltazar Gaona S\u00e1nchez, quien a su vez manifest\u00f3 &#8220;El compromiso con la educaci\u00f3n es una realidad palpable en cualquier circunstancia y s\u00e9 establece con acciones como est\u00e1 y fortalecen el camino a la preparaci\u00f3n de los ni\u00f1os en el municipio&#8221;, tambi\u00e9n expuso las dificultades que se enfrenta la administraci\u00f3n municipal, sin embargo enfatiz\u00f3 que ninguno de \u00e9stos problemas debe ser m\u00e1s que las ganas de apoyar y comparti\u00f3 nuevos proyectos de los que resaltan 3 techumbres \u00e9ste a\u00f1o, aunado a la construcci\u00f3n de casas de asistencia para enfermos de adicciones, tambi\u00e9n otra para madres solteras, ambas en la zona conurbada.<\/p>\n<p>&nbsp;<\/p>\n","protected":false},"excerpt":{"rendered":"<p>En la comunidad de Uruetaro, m\u00e1s espec\u00edficamente en la escuela primaria &#8220;Emiliano Zapata&#8221; se realiz\u00f3 un acto c\u00edvico con motivo de la inauguraci\u00f3n de la Construcci\u00f3n de Cancha de Usos M\u00faltiples, con una inversi\u00f3n de<br \/>\n$ 284,263.28 (Doscientos ochenta y cuatro mil doscientos sesenta y tres pesos y veintiocho centavos). Dicha Obra beneficiar\u00e1 a m\u00e1s de 200 alumnos.<\/p>\n","protected":false},"author":1,"featured_media":26572,"comment_status":"open","ping_status":"open","sticky":false,"template":"","format":"standard","meta":{"footnotes":""},"categories":[14,22],"tags":[],"class_list":["post-26571","post","type-post","status-publish","format-standard","has-post-thumbnail","hentry","category-destacadas","category-tarimbaro"],"_links":{"self":[{"href":"https:\/\/radiowebmx.com\/nota\/wp-json\/wp\/v2\/posts\/26571","targetHints":{"allow":["GET"]}}],"collection":[{"href":"https:\/\/radiowebmx.com\/nota\/wp-json\/wp\/v2\/posts"}],"about":[{"href":"https:\/\/radiowebmx.com\/nota\/wp-json\/wp\/v2\/types\/post"}],"author":[{"embeddable":true,"href":"https:\/\/radiowebmx.com\/nota\/wp-json\/wp\/v2\/users\/1"}],"replies":[{"embeddable":true,"href":"https:\/\/radiowebmx.com\/nota\/wp-json\/wp\/v2\/comments?post=26571"}],"version-history":[{"count":4,"href":"https:\/\/radiowebmx.com\/nota\/wp-json\/wp\/v2\/posts\/26571\/revisions"}],"predecessor-version":[{"id":29689,"href":"https:\/\/radiowebmx.com\/nota\/wp-json\/wp\/v2\/posts\/26571\/revisions\/29689"}],"wp:featuredmedia":[{"embeddable":true,"href":"https:\/\/radiowebmx.com\/nota\/wp-json\/wp\/v2\/media\/26572"}],"wp:attachment":[{"href":"https:\/\/radiowebmx.com\/nota\/wp-json\/wp\/v2\/media?parent=26571"}],"wp:term":[{"taxonomy":"category","embeddable":true,"href":"https:\/\/radiowebmx.com\/nota\/wp-json\/wp\/v2\/categories?post=26571"},{"taxonomy":"post_tag","embeddable":true,"href":"https:\/\/radiowebmx.com\/nota\/wp-json\/wp\/v2\/tags?post=26571"}],"curies":[{"name":"wp","href":"https:\/\/api.w.org\/{rel}","templated":true}]}}