{"id":26470,"date":"2016-10-07T14:22:14","date_gmt":"2016-10-07T19:22:14","guid":{"rendered":"https:\/\/radiowebmx.com\/nota\/?p=26470"},"modified":"2016-10-07T14:22:14","modified_gmt":"2016-10-07T19:22:14","slug":"iam-y-concejo-mayor-premian-a-artesanos-de-cheran","status":"publish","type":"post","link":"https:\/\/radiowebmx.com\/nota\/iam-y-concejo-mayor-premian-a-artesanos-de-cheran\/","title":{"rendered":"IAM y Concejo Mayor premian a artesanos de Cher\u00e1n"},"content":{"rendered":"<p><strong>Morelia, Michoac\u00e1n, a 7 de octubre de 2016.-\u00a0<\/strong>El Instituto del Artesano Michoacano (IAM) y el Concejo Mayor de Cher\u00e1n premiaron a las y los ganadores del Concurso Artesanal de ese municipio ind\u00edgena, en el que participaron 86 art\u00edfices con 147 piezas inscritas.<\/p>\n<p>El director general del IAM, Marco Antonio Lagunas V\u00e1zquez, coment\u00f3 que el jurado calificador tuvo una dif\u00edcil labor para seleccionar las piezas ganadoras, ya que hab\u00eda muchas de muy buena calidad.<\/p>\n<p>Asimismo, destac\u00f3 que la bolsa en premios de este a\u00f1o se increment\u00f3 50 por ciento, entregando un total de 60 mil pesos con apoyo del Concejo Mayor, que otorg\u00f3 25 mil pesos.<\/p>\n<p>El titular del IAM resalt\u00f3 que en Cher\u00e1n hay una gran variedad de artesan\u00edas, por lo que invit\u00f3 a los turistas nacionales y extranjeros a visitar este municipio y disfrutar de sus tradiciones, cultura, danzas, m\u00fasica y gastronom\u00eda.<\/p>\n<p>Durante la ceremonia de premiaci\u00f3n exhort\u00f3 a las y los artesanos a participar en el pr\u00f3ximo concurso estatal, que se llevar\u00e1 a cabo en P\u00e1tzcuaro con motivo de la Noche de Muertos.<\/p>\n<p>Las y los ganadores del primer lugar son Imelda Campos Sebasti\u00e1n, Mar\u00eda Marcela Pahuamba Guerre, Magdalena S\u00e1nchez Vald\u00e9s, Delfina Ambrocio Gembe, Antonio Aguilar Tapia, Benjam\u00edn Santa Clara Roque y Jos\u00e9 Valencia Morales.<\/p>\n<p>Las\u00a0categor\u00edas premiadas son textil relindo, deshilado, hilvanado, calado y gancho, nuevos dise\u00f1os, jugueter\u00eda torneada, juguete popular, mueble de madera, m\u00e1scaras de madera y varios.<\/p>\n<p>En la entrega de reconocimientos tambi\u00e9n estuvieron presentes Pedro Ch\u00e1vez S\u00e1nchez, Mar\u00eda Elena Rosas Hurtado, Dolores Santaclara Gembe y Apolinar Tom\u00e1s, integrantes del Concejo Mayor de Cher\u00e1n.<\/p>\n","protected":false},"excerpt":{"rendered":"<p>El Instituto del Artesano Michoacano (IAM) y el Concejo Mayor de Cher\u00e1n premiaron a las y los ganadores del Concurso Artesanal de ese municipio ind\u00edgena, en el que participaron 86 art\u00edfices con 147 piezas inscritas.<\/p>\n","protected":false},"author":1,"featured_media":26471,"comment_status":"open","ping_status":"open","sticky":false,"template":"","format":"standard","meta":{"footnotes":""},"categories":[14,3],"tags":[],"class_list":["post-26470","post","type-post","status-publish","format-standard","has-post-thumbnail","hentry","category-destacadas","category-gobierno-del-estado-de-michoacan"],"_links":{"self":[{"href":"https:\/\/radiowebmx.com\/nota\/wp-json\/wp\/v2\/posts\/26470","targetHints":{"allow":["GET"]}}],"collection":[{"href":"https:\/\/radiowebmx.com\/nota\/wp-json\/wp\/v2\/posts"}],"about":[{"href":"https:\/\/radiowebmx.com\/nota\/wp-json\/wp\/v2\/types\/post"}],"author":[{"embeddable":true,"href":"https:\/\/radiowebmx.com\/nota\/wp-json\/wp\/v2\/users\/1"}],"replies":[{"embeddable":true,"href":"https:\/\/radiowebmx.com\/nota\/wp-json\/wp\/v2\/comments?post=26470"}],"version-history":[{"count":1,"href":"https:\/\/radiowebmx.com\/nota\/wp-json\/wp\/v2\/posts\/26470\/revisions"}],"predecessor-version":[{"id":26472,"href":"https:\/\/radiowebmx.com\/nota\/wp-json\/wp\/v2\/posts\/26470\/revisions\/26472"}],"wp:featuredmedia":[{"embeddable":true,"href":"https:\/\/radiowebmx.com\/nota\/wp-json\/wp\/v2\/media\/26471"}],"wp:attachment":[{"href":"https:\/\/radiowebmx.com\/nota\/wp-json\/wp\/v2\/media?parent=26470"}],"wp:term":[{"taxonomy":"category","embeddable":true,"href":"https:\/\/radiowebmx.com\/nota\/wp-json\/wp\/v2\/categories?post=26470"},{"taxonomy":"post_tag","embeddable":true,"href":"https:\/\/radiowebmx.com\/nota\/wp-json\/wp\/v2\/tags?post=26470"}],"curies":[{"name":"wp","href":"https:\/\/api.w.org\/{rel}","templated":true}]}}