{"id":26461,"date":"2016-10-07T14:14:04","date_gmt":"2016-10-07T19:14:04","guid":{"rendered":"https:\/\/radiowebmx.com\/nota\/?p=26461"},"modified":"2016-10-07T14:14:04","modified_gmt":"2016-10-07T19:14:04","slug":"el-ceconexpo-por-impulsar-el-turismo-de-reuniones","status":"publish","type":"post","link":"https:\/\/radiowebmx.com\/nota\/el-ceconexpo-por-impulsar-el-turismo-de-reuniones\/","title":{"rendered":"El Ceconexpo, por impulsar el turismo de reuniones"},"content":{"rendered":"<p><strong>Morelia, Michoac\u00e1n, a 26 de septiembre de 2016.-<\/strong>Personal del Centro de Convenciones y Exposiciones (Ceconexpo) de Morelia particip\u00f3 en el 15 aniversario\u00a0\u00a0de la Asociaci\u00f3n Mexicana de Recintos Feriales en Canc\u00fan, Quintana Roo, donde asisti\u00f3 a talleres de capacitaci\u00f3n para mejorar los servicios e impulsar el turismo de reuniones.<\/p>\n<p>Durante el evento, el delegado administrativo Jaime Corona Tinoco present\u00f3 ante los participantes de otros estados de la Rep\u00fablica el funcionamiento del Ceconexpo, su infraestructura y operatividad.<\/p>\n<p>El Ceconexpo particip\u00f3 con una muestra de la gastronom\u00eda de Michoac\u00e1n, con dos platillos preparados por el chef ejecutivo Miguel \u00c1ngel Maga\u00f1a Arellano y el chef Tarcisio Israel Santana Huerta. La demostraci\u00f3n consisti\u00f3 en transmitir la tradici\u00f3n michoacana, para lo cual eligieron una crema tarasca y un gazpacho a la trucha.<\/p>\n","protected":false},"excerpt":{"rendered":"<p>Personal del Centro de Convenciones y Exposiciones (Ceconexpo) de Morelia particip\u00f3 en el 15 aniversario  de la Asociaci\u00f3n Mexicana de Recintos Feriales en Canc\u00fan, Quintana Roo, donde asisti\u00f3 a talleres de capacitaci\u00f3n para mejorar los servicios e impulsar el turismo de reuniones.<\/p>\n","protected":false},"author":1,"featured_media":26462,"comment_status":"open","ping_status":"open","sticky":false,"template":"","format":"standard","meta":{"footnotes":""},"categories":[14,3],"tags":[],"class_list":["post-26461","post","type-post","status-publish","format-standard","has-post-thumbnail","hentry","category-destacadas","category-gobierno-del-estado-de-michoacan"],"_links":{"self":[{"href":"https:\/\/radiowebmx.com\/nota\/wp-json\/wp\/v2\/posts\/26461","targetHints":{"allow":["GET"]}}],"collection":[{"href":"https:\/\/radiowebmx.com\/nota\/wp-json\/wp\/v2\/posts"}],"about":[{"href":"https:\/\/radiowebmx.com\/nota\/wp-json\/wp\/v2\/types\/post"}],"author":[{"embeddable":true,"href":"https:\/\/radiowebmx.com\/nota\/wp-json\/wp\/v2\/users\/1"}],"replies":[{"embeddable":true,"href":"https:\/\/radiowebmx.com\/nota\/wp-json\/wp\/v2\/comments?post=26461"}],"version-history":[{"count":1,"href":"https:\/\/radiowebmx.com\/nota\/wp-json\/wp\/v2\/posts\/26461\/revisions"}],"predecessor-version":[{"id":26463,"href":"https:\/\/radiowebmx.com\/nota\/wp-json\/wp\/v2\/posts\/26461\/revisions\/26463"}],"wp:featuredmedia":[{"embeddable":true,"href":"https:\/\/radiowebmx.com\/nota\/wp-json\/wp\/v2\/media\/26462"}],"wp:attachment":[{"href":"https:\/\/radiowebmx.com\/nota\/wp-json\/wp\/v2\/media?parent=26461"}],"wp:term":[{"taxonomy":"category","embeddable":true,"href":"https:\/\/radiowebmx.com\/nota\/wp-json\/wp\/v2\/categories?post=26461"},{"taxonomy":"post_tag","embeddable":true,"href":"https:\/\/radiowebmx.com\/nota\/wp-json\/wp\/v2\/tags?post=26461"}],"curies":[{"name":"wp","href":"https:\/\/api.w.org\/{rel}","templated":true}]}}