{"id":26458,"date":"2016-10-07T14:07:04","date_gmt":"2016-10-07T19:07:04","guid":{"rendered":"https:\/\/radiowebmx.com\/nota\/?p=26458"},"modified":"2016-10-07T14:07:04","modified_gmt":"2016-10-07T19:07:04","slug":"acciones-que-transformen-vidas-compromiso-de-diputados-panistas","status":"publish","type":"post","link":"https:\/\/radiowebmx.com\/nota\/acciones-que-transformen-vidas-compromiso-de-diputados-panistas\/","title":{"rendered":"Acciones que transformen vidas, compromiso de diputados panistas"},"content":{"rendered":"<p class=\"x_MsoNormal\"><b>Morelia; Michoac\u00e1n, 07 de octubre del 2016.- <\/b>La creciente demanda ciudadana de cambiarle la p\u00e1gina a la situaci\u00f3n que vive actualmente Michoac\u00e1n en materia de seguridad, falta de buenos empleos y condiciones \u00f3ptimas de desarrollo, ha sido asumida por los diputados del Grupo Parlamentario de Acci\u00f3n Nacional como una obligaci\u00f3n inaplazable la elaboraci\u00f3n de leyes que sienten las bases hacia una visi\u00f3n de crecimiento integral para todo el estado.<\/p>\n<p class=\"x_MsoNormal\">As\u00ed lo se\u00f1alaron los diputados Carlos Quintana Mart\u00ednez, Andrea Villanueva Cano, Alma Mireya Gonz\u00e1lez S\u00e1nchez, Eduardo Garc\u00eda Chavira y H\u00e9ctor G\u00f3mez Trujillo, quienes acompa\u00f1ados por la Doctora Gloria Patricia Valadez S\u00e1nchez, Sub Coordinadora de Gabinete y Planeaci\u00f3n de Gobierno del Estado, sostuvieron una reuni\u00f3n con los titulares del Instituto de Planeaci\u00f3n, Estad\u00edstica y Geograf\u00eda del Estado de Guanajuato (IPLANEG), Eduardo Sojo y Enrique Ayala.<\/p>\n<p class=\"x_MsoNormal\">\n<p class=\"x_MsoNormal\">Lo anterior en raz\u00f3n de la iniciativa impulsada por Andrea Villanueva Cano para implementar en Michoac\u00e1n un plan de desarrollo con visi\u00f3n al futuro, logrando un estado con crecimiento econ\u00f3mico y empleos bien remunerados; con desarrollo vial y movilidad urbana integral, procurando que este progreso sea armonioso con el cuidado al medio ambiente.<\/p>\n<p class=\"x_MsoNormal\">\n<p class=\"x_MsoNormal\">Al respecto, el coordinador de los diputados del PAN, Quintana\u00a0 Mart\u00ednez, reconoci\u00f3 que Michoac\u00e1n se encuentra en un momento complicado, con sectores sociales polarizados y es por ello primordial que desde el Congreso local, se sienten las bases para un \u00a0crecimiento estrat\u00e9gico, en el cual se integren todas las visiones sociales y \u00e9stas se traduzcan en acciones que transformen la vida de los michoacanos.<\/p>\n<p class=\"x_MsoNormal\">\n<p class=\"x_MsoNormal\">Por su parte la promotora de dicha iniciativa, Villanueva Cano, record\u00f3 que el estado de Guanajuato hace 25 a\u00f1os logr\u00f3 unir los distintos enfoques tanto de la sociedad como del gobierno y ello permiti\u00f3 determinar hacia d\u00f3nde quer\u00edan ir como estado, dejando a un lado las diferencias y consiguiendo que las coincidencias fueran m\u00e1s importantes para el bien com\u00fan.<\/p>\n<p class=\"x_MsoNormal\">\n<p class=\"x_MsoNormal\">De ah\u00ed \u201cconsideramos una prioridad del Grupo Parlamentario reunirnos con ustedes para conocer cu\u00e1les fueron estas estrategias e implementarlas en Michoac\u00e1n, tomando en cuenta que nuestras\u00a0 condiciones actuales son adversas, pero aprovechando nuestra oportunidad hist\u00f3rica para impulsarlas y lograr el estado en crecimiento que tanto demandamos los michoacanos\u201d, expuso la diputada Alma Mireya Gonz\u00e1lez S\u00e1nchez.<\/p>\n<p class=\"x_MsoNormal\">\n<p class=\"x_MsoNormal\">En el mismo sentido, H\u00e9ctor G\u00f3mez Trujillo, se\u00f1al\u00f3 que Guanajuato y Michoac\u00e1n han sido estados hermanos que por su entorno hist\u00f3rico caminaban de la mano hacia el desarrollo; sin embargo, los gobiernos que ha tenido nuestro estado y la falta de responsabilidad de sus funcionarios, detuvieron \u00a0la posibilidad de crecimiento en Michoac\u00e1n.<\/p>\n<p class=\"x_MsoNormal\">\n<p class=\"x_MsoNormal\">Eduardo Garc\u00eda Chavira declar\u00f3 que como bancada no quitar\u00e1n el dedo del rengl\u00f3n para seguir contribuyendo a que Michoac\u00e1n alcance la madurez social y pol\u00edtica que merece, por lo que con iniciativas como \u00e9sta, continuar\u00e1n promoviendo un cambio desde la ra\u00edz, a fin de que la inestabilidad que algunos grupos buscan generar en el estado, se erradique \u00a0y en cambio \u00a0se procuren condiciones de bienestar.<\/p>\n<p class=\"x_MsoNormal\">\n<p class=\"x_MsoNormal\">Finalmente, la bancada de Acci\u00f3n Nacional reafirm\u00f3 que la visi\u00f3n panista es estar siempre al servicio de la gente, por lo que con la convicci\u00f3n de ayudarlos y ayudar a Michoac\u00e1n, traducir\u00e1n los discursos en acciones para el mayor bienestar de los michoacanos.<\/p>\n","protected":false},"excerpt":{"rendered":"<p>La creciente demanda ciudadana de cambiarle la p\u00e1gina a la situaci\u00f3n que vive actualmente Michoac\u00e1n en materia de seguridad, falta de buenos empleos y condiciones \u00f3ptimas de desarrollo, ha sido asumida por los diputados del Grupo PAN como una obligaci\u00f3n inaplazable la elaboraci\u00f3n de leyes que sienten las bases hacia una visi\u00f3n de crecimiento integral para todo el estado.<\/p>\n","protected":false},"author":1,"featured_media":26459,"comment_status":"open","ping_status":"open","sticky":false,"template":"","format":"standard","meta":{"footnotes":""},"categories":[6,14,8],"tags":[],"class_list":["post-26458","post","type-post","status-publish","format-standard","has-post-thumbnail","hentry","category-congreso-del-estado","category-destacadas","category-grupo-parlamentario-del-pan"],"_links":{"self":[{"href":"https:\/\/radiowebmx.com\/nota\/wp-json\/wp\/v2\/posts\/26458","targetHints":{"allow":["GET"]}}],"collection":[{"href":"https:\/\/radiowebmx.com\/nota\/wp-json\/wp\/v2\/posts"}],"about":[{"href":"https:\/\/radiowebmx.com\/nota\/wp-json\/wp\/v2\/types\/post"}],"author":[{"embeddable":true,"href":"https:\/\/radiowebmx.com\/nota\/wp-json\/wp\/v2\/users\/1"}],"replies":[{"embeddable":true,"href":"https:\/\/radiowebmx.com\/nota\/wp-json\/wp\/v2\/comments?post=26458"}],"version-history":[{"count":1,"href":"https:\/\/radiowebmx.com\/nota\/wp-json\/wp\/v2\/posts\/26458\/revisions"}],"predecessor-version":[{"id":26460,"href":"https:\/\/radiowebmx.com\/nota\/wp-json\/wp\/v2\/posts\/26458\/revisions\/26460"}],"wp:featuredmedia":[{"embeddable":true,"href":"https:\/\/radiowebmx.com\/nota\/wp-json\/wp\/v2\/media\/26459"}],"wp:attachment":[{"href":"https:\/\/radiowebmx.com\/nota\/wp-json\/wp\/v2\/media?parent=26458"}],"wp:term":[{"taxonomy":"category","embeddable":true,"href":"https:\/\/radiowebmx.com\/nota\/wp-json\/wp\/v2\/categories?post=26458"},{"taxonomy":"post_tag","embeddable":true,"href":"https:\/\/radiowebmx.com\/nota\/wp-json\/wp\/v2\/tags?post=26458"}],"curies":[{"name":"wp","href":"https:\/\/api.w.org\/{rel}","templated":true}]}}