{"id":26448,"date":"2016-10-07T09:53:02","date_gmt":"2016-10-07T14:53:02","guid":{"rendered":"https:\/\/radiowebmx.com\/nota\/?p=26448"},"modified":"2016-10-07T09:53:02","modified_gmt":"2016-10-07T14:53:02","slug":"instala-morelia-consejo-municipal-de-participacion-social-en-la-educacion","status":"publish","type":"post","link":"https:\/\/radiowebmx.com\/nota\/instala-morelia-consejo-municipal-de-participacion-social-en-la-educacion\/","title":{"rendered":"Instala Morelia Consejo Municipal de Participaci\u00f3n Social en la Educaci\u00f3n"},"content":{"rendered":"<p>Con el objetivo de transformar\u00a0la instrucci\u00f3n b\u00e1sica de ni\u00f1os y ni\u00f1as,\u00a0el Ayuntamiento de Morelia instal\u00f3 su Consejo Municipal de Participaci\u00f3n Social en la Educaci\u00f3n, con la toma de protesta de 23 integrantes, entre padres de familia, docentes, \u00a0directivos, autoridades estatales y municipales.<\/p>\n<p>El S\u00edndico, Fabio Sistos Rangel, en representaci\u00f3n del Presidente Municipal, Alfonso Mart\u00ednez Alc\u00e1zar, afirm\u00f3 que el Ayuntamiento de Morelia tiene una visi\u00f3n com\u00fan de trabajo en equipo, al referirse a la labor conjunta de las autoridades de los tres \u00f3rdenes de Gobierno, as\u00ed como la sociedad civil.<\/p>\n<p>Sistos Rangel asegur\u00f3 que esta acci\u00f3n es un reto que durar\u00e1 dos a\u00f1os para dar seguimiento a la planeaci\u00f3n educativa de los ni\u00f1os en el municipio y el desarrollo de los catedr\u00e1ticos, con la intenci\u00f3n de que a trav\u00e9s de este organismo se ponga a las escuelas en el centro del sistema educativo, \u201cde modo que los alumnos, ni\u00f1os y ni\u00f1as de M\u00e9xico\u00a0 sean la\u00a0 prioridad.\u00a0Recordemos que el futuro de\u00a0 nuestro pa\u00eds son nuestros ni\u00f1os\u201d, destac\u00f3.<\/p>\n<p>El S\u00edndico resalt\u00f3 que la Administraci\u00f3n Independiente apoya estos \u00f3rganos ciudadanos que buscan el mejoramiento social mediante la participaci\u00f3n activa en las pol\u00edticas p\u00fablicas.<\/p>\n<p>Es de destacar que actualmente el Estado tiene la conformaci\u00f3n de 70 Consejos Municipales de Participaci\u00f3n Social en la Educaci\u00f3n, entre los que se encuentra ahora Morelia.<\/p>\n<p>Este organismo estar\u00e1 conformado por el \u00a0Secretario T\u00e9cnico de este organismo plural y Regidor coordinador de la Comisi\u00f3n de Educaci\u00f3n P\u00fablica, Cultura y Turismo, Osvaldo Ruiz Ram\u00edrez, as\u00ed como la jefa de Departamento de Fomento a la Educaci\u00f3n \u00a0de la Secretar\u00eda de Desarrollo Humano y Bienestar Social, Aida Barriga Miguel como representante del Gobierno Municipal, adem\u00e1s de los consejeros ciudadanos que son padres de familia, docentes y directivos.<\/p>\n<p>A esta instalaci\u00f3n de Consejo y toma de protesta asistieron tambi\u00e9n el Secretario de Desarrollo Humano y Bienestar Social, Guillermo Mar\u00edn Ch\u00e1vez;\u00a0 el Contralor, Jos\u00e9 Benadad Orozco Toledo,\u00a0 el representante de la Secretar\u00eda de Educaci\u00f3n del Estado, Adri\u00e1n Zaragoza Tapia y el Director General de Unidades Regionales de la SEE,\u00a0 Alberto Frutis Sol\u00eds.<\/p>\n","protected":false},"excerpt":{"rendered":"<p>Con el objetivo de transformar la instrucci\u00f3n b\u00e1sica de ni\u00f1os y ni\u00f1as, el Ayuntamiento de Morelia instal\u00f3 su Consejo Municipal de Participaci\u00f3n Social en la Educaci\u00f3n, con la toma de protesta de 23 integrantes, entre padres de familia, docentes,  directivos, autoridades estatales y municipales.<\/p>\n","protected":false},"author":1,"featured_media":26449,"comment_status":"open","ping_status":"open","sticky":false,"template":"","format":"standard","meta":{"footnotes":""},"categories":[14,9],"tags":[],"class_list":["post-26448","post","type-post","status-publish","format-standard","has-post-thumbnail","hentry","category-destacadas","category-morelia"],"_links":{"self":[{"href":"https:\/\/radiowebmx.com\/nota\/wp-json\/wp\/v2\/posts\/26448","targetHints":{"allow":["GET"]}}],"collection":[{"href":"https:\/\/radiowebmx.com\/nota\/wp-json\/wp\/v2\/posts"}],"about":[{"href":"https:\/\/radiowebmx.com\/nota\/wp-json\/wp\/v2\/types\/post"}],"author":[{"embeddable":true,"href":"https:\/\/radiowebmx.com\/nota\/wp-json\/wp\/v2\/users\/1"}],"replies":[{"embeddable":true,"href":"https:\/\/radiowebmx.com\/nota\/wp-json\/wp\/v2\/comments?post=26448"}],"version-history":[{"count":1,"href":"https:\/\/radiowebmx.com\/nota\/wp-json\/wp\/v2\/posts\/26448\/revisions"}],"predecessor-version":[{"id":26450,"href":"https:\/\/radiowebmx.com\/nota\/wp-json\/wp\/v2\/posts\/26448\/revisions\/26450"}],"wp:featuredmedia":[{"embeddable":true,"href":"https:\/\/radiowebmx.com\/nota\/wp-json\/wp\/v2\/media\/26449"}],"wp:attachment":[{"href":"https:\/\/radiowebmx.com\/nota\/wp-json\/wp\/v2\/media?parent=26448"}],"wp:term":[{"taxonomy":"category","embeddable":true,"href":"https:\/\/radiowebmx.com\/nota\/wp-json\/wp\/v2\/categories?post=26448"},{"taxonomy":"post_tag","embeddable":true,"href":"https:\/\/radiowebmx.com\/nota\/wp-json\/wp\/v2\/tags?post=26448"}],"curies":[{"name":"wp","href":"https:\/\/api.w.org\/{rel}","templated":true}]}}