{"id":26444,"date":"2016-10-06T14:54:05","date_gmt":"2016-10-06T19:54:05","guid":{"rendered":"https:\/\/radiowebmx.com\/nota\/?p=26444"},"modified":"2016-10-06T14:54:05","modified_gmt":"2016-10-06T19:54:05","slug":"realiza-dif-morelia-conferencia-de-sensibilizacion-sobre-el-cancer-de-mama","status":"publish","type":"post","link":"https:\/\/radiowebmx.com\/nota\/realiza-dif-morelia-conferencia-de-sensibilizacion-sobre-el-cancer-de-mama\/","title":{"rendered":"Realiza DIF Morelia conferencia de sensibilizaci\u00f3n sobre el C\u00e1ncer de Mama"},"content":{"rendered":"<p>En el marco de la campa\u00f1a \u201cHoy Toca Por Ti\u201d que realiza el DIF Morelia con motivo del Mes de la Lucha Contra el C\u00e1ncer Mama, se llev\u00f3 a cabo esta ma\u00f1ana una conferencia impartida por la doctora, Yara Pineda M\u00e1rquez, Directora de la Unidad de Especialidades M\u00e9dicas para la Detecci\u00f3n y Diagn\u00f3stico del C\u00e1ncer de Mama (UNEME).<\/p>\n<p>En presencia de la Presidenta Honoraria del DIF Morelia, Paola Delgadillo de Mart\u00ednez y de la Encargada de Despacho de la Direcci\u00f3n del DIF Morelia, Melissa V\u00e1squez P\u00e9rez, la especialista junto con el equipo de la UNEME, explic\u00f3 las generalidades del C\u00e1ncer de Mama, as\u00ed como las formas de prevenirlo, el protocolo m\u00e9dico y el impacto psicol\u00f3gico y emocional que esta enfermedad tiene en quienes lo sufren.<\/p>\n<p>\u201cEl prop\u00f3sito de esta actividad es el de informar a la ciudadan\u00eda y fomentar la cultura de la prevenci\u00f3n\u201d, explic\u00f3 la primera dama del municipio, \u201ccon esta campa\u00f1a esperamos poder despertar conciencia entre todos los morelianos, pero especialmente en las mujeres sobre lo importantes que son todas y cada una, pues solo garantizando que todas tengan acceso a la salud y oportunidades, podremos avanzar a paso firme hacia el desarrollo social de todo el municipio\u201d.<\/p>\n<p>En tanto, la Encargada de Despacho, Melissa V\u00e1zques, record\u00f3 que a trav\u00e9s de este esfuerzo que realiza el DIF Morelia a trav\u00e9s de la campa\u00f1a \u201cHoy Toca Por Ti\u201d, se pondr\u00e1n a disposici\u00f3n m\u00e1s de mil 500 estudios de mastograf\u00eda totalmente gratuitos, tanto en las 14 tenencias como en el \u00e1rea urbana del municipio; adem\u00e1s de que se har\u00e1n entrega de pr\u00f3tesis mamarias y actividades informativas y de sensibilizaci\u00f3n que ser\u00e1n permanentes en lo que resta de la Administraci\u00f3n Municipal.<\/p>\n<p>\u201cNuestra tarea es la de impulsar acciones que fomenten la prevenci\u00f3n y el cuidado de la salud entre todos los ciudadanos, el c\u00e1ncer de mama sigue siendo un flagelo que cada a\u00f1o cobra miles de vidas en nuestro pa\u00eds, y es una de las principales causas de muerte en las mujeres j\u00f3venes de nuestro municipio, por eso debemos actuar de manera contundente e inmediata\u201d, indic\u00f3<\/p>\n","protected":false},"excerpt":{"rendered":"<p>En el marco de la campa\u00f1a \u201cHoy Toca Por Ti\u201d que realiza el DIF Morelia con motivo del Mes de la Lucha Contra el C\u00e1ncer Mama, se llev\u00f3 a cabo esta ma\u00f1ana una conferencia impartida por la doctora, Yara Pineda M\u00e1rquez<\/p>\n","protected":false},"author":1,"featured_media":26445,"comment_status":"open","ping_status":"open","sticky":false,"template":"","format":"standard","meta":{"footnotes":""},"categories":[14,9],"tags":[],"class_list":["post-26444","post","type-post","status-publish","format-standard","has-post-thumbnail","hentry","category-destacadas","category-morelia"],"_links":{"self":[{"href":"https:\/\/radiowebmx.com\/nota\/wp-json\/wp\/v2\/posts\/26444","targetHints":{"allow":["GET"]}}],"collection":[{"href":"https:\/\/radiowebmx.com\/nota\/wp-json\/wp\/v2\/posts"}],"about":[{"href":"https:\/\/radiowebmx.com\/nota\/wp-json\/wp\/v2\/types\/post"}],"author":[{"embeddable":true,"href":"https:\/\/radiowebmx.com\/nota\/wp-json\/wp\/v2\/users\/1"}],"replies":[{"embeddable":true,"href":"https:\/\/radiowebmx.com\/nota\/wp-json\/wp\/v2\/comments?post=26444"}],"version-history":[{"count":1,"href":"https:\/\/radiowebmx.com\/nota\/wp-json\/wp\/v2\/posts\/26444\/revisions"}],"predecessor-version":[{"id":26446,"href":"https:\/\/radiowebmx.com\/nota\/wp-json\/wp\/v2\/posts\/26444\/revisions\/26446"}],"wp:featuredmedia":[{"embeddable":true,"href":"https:\/\/radiowebmx.com\/nota\/wp-json\/wp\/v2\/media\/26445"}],"wp:attachment":[{"href":"https:\/\/radiowebmx.com\/nota\/wp-json\/wp\/v2\/media?parent=26444"}],"wp:term":[{"taxonomy":"category","embeddable":true,"href":"https:\/\/radiowebmx.com\/nota\/wp-json\/wp\/v2\/categories?post=26444"},{"taxonomy":"post_tag","embeddable":true,"href":"https:\/\/radiowebmx.com\/nota\/wp-json\/wp\/v2\/tags?post=26444"}],"curies":[{"name":"wp","href":"https:\/\/api.w.org\/{rel}","templated":true}]}}