{"id":26434,"date":"2016-10-06T12:06:40","date_gmt":"2016-10-06T17:06:40","guid":{"rendered":"https:\/\/radiowebmx.com\/nota\/?p=26434"},"modified":"2016-10-06T12:06:40","modified_gmt":"2016-10-06T17:06:40","slug":"ayuntamiento-de-morelia-impulsa-la-artesania-local","status":"publish","type":"post","link":"https:\/\/radiowebmx.com\/nota\/ayuntamiento-de-morelia-impulsa-la-artesania-local\/","title":{"rendered":"Ayuntamiento de Morelia impulsa la artesan\u00eda local"},"content":{"rendered":"<p>Con el objetivo de impulsar la econom\u00eda de los artesanos locales, el Ayuntamiento de Morelia a trav\u00e9s de la Secretar\u00eda de Turismo y en coordinaci\u00f3n con el Instituto del Artesano Michoacano llevan a cabo una exposici\u00f3n y venta de artesan\u00edas de la Tenencia de San Nicol\u00e1s Obispo que estar\u00e1 disponible hasta el 12 de octubre en los portales del Instituto del Artesano.<\/p>\n<p>Cumpliendo con la instrucci\u00f3n del Presidente Municipal de Morelia, Alfonso Mart\u00ednez Alc\u00e1zar, de apoyar y gestionar espacios para la muestra y venta, esta exhibici\u00f3n cuenta con m\u00e1s de 15 artesanos instalados y en donde esperan dar a conocer sus productos elaborados a base de piedra negra volc\u00e1nica ya que es la principal materia prima para la elaboraci\u00f3n de las artesan\u00edas de esta regi\u00f3n.<\/p>\n<p>Thelma Aquique Arrieta, titular de la pol\u00edtica tur\u00edstica local, mencion\u00f3 que estos proyectos forman parte del impulso que se les da a las tenencias en aras de fortalecer su econom\u00eda as\u00ed como proyectarlas tur\u00edsticamente ya que se acerca la pr\u00f3xima Feria del Molcajete la cual ha sido un apoyo y un impulso fundamental que ha dado el Alcalde durante esta Administraci\u00f3n a esta tenencia.<\/p>\n<p>En este sentido, Aquique Arrieta invit\u00f3 a morelianos y visitantes a que conozcan esta exhibici\u00f3n y compren la artesan\u00eda local, ya que destac\u00f3 que es un trabajo elaborado con calidad y con el esfuerzo que los habitantes de esta tenencia ponen, para proyectar a su comunidad y mejorar tambi\u00e9n su nivel de vida.<\/p>\n<p>Cabe destacar que los artesanos han trabajado en capacitaciones y actualizaciones para mejorar tanto sus ventas como sus productos y ofrecer un servicio de calidad, as\u00ed como la innovaci\u00f3n de las artesan\u00edas ya que se trata de materiales dif\u00edciles de trabajar y que gracias a estas capacitaciones que ha brindado la Secretar\u00eda han desarrollado su t\u00e9cnica.<\/p>\n","protected":false},"excerpt":{"rendered":"<p>Con el objetivo de impulsar la econom\u00eda de los artesanos locales, el Ayuntamiento de Morelia a trav\u00e9s de la Secretar\u00eda de Turismo y en coordinaci\u00f3n con el Instituto del Artesano Michoacano llevan a cabo una exposici\u00f3n y venta de artesan\u00edas de la Tenencia de San Nicol\u00e1s Obispo que estar\u00e1 disponible hasta el 12 de octubre en los portales del Instituto del Artesano.<\/p>\n","protected":false},"author":1,"featured_media":26435,"comment_status":"open","ping_status":"open","sticky":false,"template":"","format":"standard","meta":{"footnotes":""},"categories":[14,9],"tags":[],"class_list":["post-26434","post","type-post","status-publish","format-standard","has-post-thumbnail","hentry","category-destacadas","category-morelia"],"_links":{"self":[{"href":"https:\/\/radiowebmx.com\/nota\/wp-json\/wp\/v2\/posts\/26434","targetHints":{"allow":["GET"]}}],"collection":[{"href":"https:\/\/radiowebmx.com\/nota\/wp-json\/wp\/v2\/posts"}],"about":[{"href":"https:\/\/radiowebmx.com\/nota\/wp-json\/wp\/v2\/types\/post"}],"author":[{"embeddable":true,"href":"https:\/\/radiowebmx.com\/nota\/wp-json\/wp\/v2\/users\/1"}],"replies":[{"embeddable":true,"href":"https:\/\/radiowebmx.com\/nota\/wp-json\/wp\/v2\/comments?post=26434"}],"version-history":[{"count":1,"href":"https:\/\/radiowebmx.com\/nota\/wp-json\/wp\/v2\/posts\/26434\/revisions"}],"predecessor-version":[{"id":26436,"href":"https:\/\/radiowebmx.com\/nota\/wp-json\/wp\/v2\/posts\/26434\/revisions\/26436"}],"wp:featuredmedia":[{"embeddable":true,"href":"https:\/\/radiowebmx.com\/nota\/wp-json\/wp\/v2\/media\/26435"}],"wp:attachment":[{"href":"https:\/\/radiowebmx.com\/nota\/wp-json\/wp\/v2\/media?parent=26434"}],"wp:term":[{"taxonomy":"category","embeddable":true,"href":"https:\/\/radiowebmx.com\/nota\/wp-json\/wp\/v2\/categories?post=26434"},{"taxonomy":"post_tag","embeddable":true,"href":"https:\/\/radiowebmx.com\/nota\/wp-json\/wp\/v2\/tags?post=26434"}],"curies":[{"name":"wp","href":"https:\/\/api.w.org\/{rel}","templated":true}]}}