{"id":26428,"date":"2016-10-06T11:28:27","date_gmt":"2016-10-06T16:28:27","guid":{"rendered":"https:\/\/radiowebmx.com\/nota\/?p=26428"},"modified":"2016-10-06T11:28:27","modified_gmt":"2016-10-06T16:28:27","slug":"rechazo-a-la-derogacion-del-fondo-para-los-municipios","status":"publish","type":"post","link":"https:\/\/radiowebmx.com\/nota\/rechazo-a-la-derogacion-del-fondo-para-los-municipios\/","title":{"rendered":"Rechazo a la derogaci\u00f3n del Fondo para los municipios"},"content":{"rendered":"<p class=\"x_MsoNormal\"><b>Morelia; Michoac\u00e1n, 5 de octubre del 2016.- <\/b>\u00a0El Ejecutivo del Estado no es congruente al pronunciarse en sus discursos a favor del fortalecimiento de los municipios, cuando pretende derogar el Fondo Estatal para la Infraestructura de los Servicios P\u00fablicos Municipales, afirmaron diputados locales y federales, adem\u00e1s de presidentes municipales emanados del tricolor.<\/p>\n<p class=\"x_MsoNormal\">Lo anterior fue se\u00f1alado en un encuentro con los medios de comunicaci\u00f3n, por Adriana Hern\u00e1ndez \u00cd\u00f1iguez, l\u00edder del Grupo Parlamentario del PRI en el Congreso; V\u00edctor Manuel Silva Tejeda, coordinador de los diputados federales michoacanos; Jos\u00e9 Humberto Garc\u00eda Dom\u00ednguez, coordinador de los ediles del tricolor, as\u00ed como Ernesto N\u00fa\u00f1ez, del Partido Ecologista.<\/p>\n<p class=\"x_MsoNormal\">Recordaron que en el Decreto Legislativo n\u00famero 482 de la LXXII Legislatura, se adicion\u00f3 al Art\u00edculo 3\u00b0 de la Ley de Coordinaci\u00f3n Fiscal una Fracci\u00f3n III con el denominado \u201cFondo Estatal para la Infraestructura de los Servicios P\u00fablicos Municipales\u201d, el cual se integra con el 5 por ciento de lo que le corresponda al Estado en el Fondo General de Participaciones.<\/p>\n<p class=\"x_MsoNormal\">En las disposiciones transitorias de ese decreto se estableci\u00f3 que para el Ejercicio Fiscal del a\u00f1o 2015, dicho fondo tendr\u00eda un techo financiero de 450 millones de pesos y en los subsecuentes ejercicios fiscales se realizar\u00eda conforme lo establecido por esa Ley.<\/p>\n<p class=\"x_MsoNormal\">Sin embargo, el d\u00eda martes 20 de septiembre de 2016 se recibieron las iniciativas de Ley de Ingresos y Proyecto de Presupuesto de Egresos para el Ejercicio Fiscal 2017, acompa\u00f1adas de 5 iniciativas que reforman diversas leyes en materia fiscal y hacendaria. Una de dichas iniciativas propone reformar la Ley de Coordinaci\u00f3n Fiscal del Estado a fin de derogar el Fondo Estatal para la Infraestructura de los Servicios P\u00fablicos Municipales.<\/p>\n<p class=\"x_MsoNormal\">Es ampliamente conocido que los gobiernos municipales son las instancias de gobierno que cuentan con un menor grado de recaudaci\u00f3n propia, por lo que dependen en gran medida de los recursos que les son canalizados por v\u00eda de las participaciones y fondos.<\/p>\n<p class=\"x_MsoNormal\">En ese sentido, la creaci\u00f3n de este fondo obedeci\u00f3 a la necesidad de apoyar a las instancias municipales con importantes recursos para el desarrollo de infraestructura destinada a la prestaci\u00f3n de los servicios p\u00fablicos a su cargo, como lo es agua potable y alcantarillado, alumbrado p\u00fablico, calles, parques y jardines, etc.<\/p>\n<p class=\"x_MsoNormal\">\n<p class=\"x_MsoNormal\">No obstante, la iniciativa presentada por el Ejecutivo del Estado pretende derogar dicho fondo, argumentando la imposibilidad para cumplir las obligaciones a su cargo, esto es, \u00fanicamente se\u00f1ala la carencia de recursos presupuestales suficientes y la falta de cumplimiento de las obligaciones de pago a su cargo derivadas de la operaci\u00f3n de dicho Fondo.<\/p>\n<p class=\"x_MsoNormal\">Jos\u00e9 Humberto Garc\u00eda Dom\u00ednguez, coordinador de los ediles del tricolor, asegur\u00f3 que de progresar el intento de modificar la Ley de Coordinaci\u00f3n Fiscal del Estado, significar\u00eda un retroceso en los temas de desarrollo municipal y regional. Por el contrario, dijo, es necesario incrementar en lo posible, las participaciones a los municipios para atender los rezagos existentes.<\/p>\n<p class=\"x_MsoNormal\">Por su parte, el coordinador de la bancada michoacana en la C\u00e1mara de Diputados, V\u00edctor Silva Tejeda, recalc\u00f3 que el gobierno federal est\u00e1 implementando un importante recorte al gasto p\u00fablico en sus dependencias, pero sin afectar las participaciones a las entidades federativas, por lo que consider\u00f3 que el Ejecutivo estatal deber\u00eda seguir la misma l\u00ednea de conducta.<\/p>\n<p class=\"x_MsoNormal\">Asimismo, la coordinadora de los diputados pri\u00edstas en el Congreso local, Adriana Hern\u00e1ndez \u00cd\u00f1iguez, afirm\u00f3 que: \u201cdefenderemos el desarrollo y crecimiento de los municipios a trav\u00e9s del Fondo Estatal para la Infraestructura de los Servicios P\u00fablicos Municipales.<\/p>\n<p class=\"x_MsoNormal\">Consider\u00f3 que el Ejecutivo del Estado no es congruente al pronunciarse en sus discursos a favor del fortalecimiento de los municipios, cuando pretende desaparecer un recurso que garantiza mejorar los servicios p\u00fablicos de agua potable y alcantarillado, alumbrado p\u00fablico, calles, parques y jardines para impactar en la calidad de vida de los ciudadanos michoacanos.<\/p>\n<p class=\"x_MsoNormal\">Estuvieron presentes los diputados locales Rosal\u00eda Miranda Ar\u00e9valo, Sergio Ochoa V\u00e1zquez, Wilfrido L\u00e1zaro Medina, Mario Armando Mendoza Guzm\u00e1n y Roberto Maldonado, todos ellos del PRI, as\u00ed como Juanita Noem\u00ed Ram\u00edrez Bravo, del PVEM, adem\u00e1s de ediles de diversos municipios.<\/p>\n","protected":false},"excerpt":{"rendered":"<p>El Ejecutivo del Estado no es congruente al pronunciarse en sus discursos a favor del fortalecimiento de los municipios, cuando pretende derogar el Fondo Estatal para la Infraestructura de los Servicios P\u00fablicos Municipales, afirmaron diputados locales y federales, adem\u00e1s de presidentes municipales emanados del tricolor.<\/p>\n","protected":false},"author":1,"featured_media":26429,"comment_status":"open","ping_status":"open","sticky":false,"template":"","format":"standard","meta":{"footnotes":""},"categories":[6,14,7],"tags":[],"class_list":["post-26428","post","type-post","status-publish","format-standard","has-post-thumbnail","hentry","category-congreso-del-estado","category-destacadas","category-grupo-parlamentario-del-pri"],"_links":{"self":[{"href":"https:\/\/radiowebmx.com\/nota\/wp-json\/wp\/v2\/posts\/26428","targetHints":{"allow":["GET"]}}],"collection":[{"href":"https:\/\/radiowebmx.com\/nota\/wp-json\/wp\/v2\/posts"}],"about":[{"href":"https:\/\/radiowebmx.com\/nota\/wp-json\/wp\/v2\/types\/post"}],"author":[{"embeddable":true,"href":"https:\/\/radiowebmx.com\/nota\/wp-json\/wp\/v2\/users\/1"}],"replies":[{"embeddable":true,"href":"https:\/\/radiowebmx.com\/nota\/wp-json\/wp\/v2\/comments?post=26428"}],"version-history":[{"count":1,"href":"https:\/\/radiowebmx.com\/nota\/wp-json\/wp\/v2\/posts\/26428\/revisions"}],"predecessor-version":[{"id":26430,"href":"https:\/\/radiowebmx.com\/nota\/wp-json\/wp\/v2\/posts\/26428\/revisions\/26430"}],"wp:featuredmedia":[{"embeddable":true,"href":"https:\/\/radiowebmx.com\/nota\/wp-json\/wp\/v2\/media\/26429"}],"wp:attachment":[{"href":"https:\/\/radiowebmx.com\/nota\/wp-json\/wp\/v2\/media?parent=26428"}],"wp:term":[{"taxonomy":"category","embeddable":true,"href":"https:\/\/radiowebmx.com\/nota\/wp-json\/wp\/v2\/categories?post=26428"},{"taxonomy":"post_tag","embeddable":true,"href":"https:\/\/radiowebmx.com\/nota\/wp-json\/wp\/v2\/tags?post=26428"}],"curies":[{"name":"wp","href":"https:\/\/api.w.org\/{rel}","templated":true}]}}