{"id":26405,"date":"2016-10-05T12:21:11","date_gmt":"2016-10-05T17:21:11","guid":{"rendered":"https:\/\/radiowebmx.com\/nota\/?p=26405"},"modified":"2016-10-05T12:21:26","modified_gmt":"2016-10-05T17:21:26","slug":"facilita-ayuntamiento-traslado-a-semana-nacional-del-emprendedor-2016","status":"publish","type":"post","link":"https:\/\/radiowebmx.com\/nota\/facilita-ayuntamiento-traslado-a-semana-nacional-del-emprendedor-2016\/","title":{"rendered":"Facilita Ayuntamiento traslado a Semana Nacional del Emprendedor 2016"},"content":{"rendered":"<p><img loading=\"lazy\" decoding=\"async\" class=\"alignleft size-full wp-image-26407\" src=\"https:\/\/radiowebmx.com\/nota\/wp-content\/uploads\/2016\/10\/6d68d09d-984d-4b62-ab30-2a39cb8fe9de.jpg\" alt=\"6d68d09d-984d-4b62-ab30-2a39cb8fe9de\" width=\"591\" height=\"390\" srcset=\"https:\/\/radiowebmx.com\/nota\/wp-content\/uploads\/2016\/10\/6d68d09d-984d-4b62-ab30-2a39cb8fe9de.jpg 591w, https:\/\/radiowebmx.com\/nota\/wp-content\/uploads\/2016\/10\/6d68d09d-984d-4b62-ab30-2a39cb8fe9de-300x198.jpg 300w\" sizes=\"auto, (max-width: 591px) 100vw, 591px\" \/>El Gobierno del Presidente Municipal de Morelia, Alfonso Mart\u00ednez Alc\u00e1zar en colaboraci\u00f3n con Distrito Emprendedor, ofrecer\u00e1 transporte a quienes han participado en alguno de los programas de emprendimiento del Ayuntamiento para que complementen su formaci\u00f3n con las diversas actividades y talleres que se estar\u00e1n llevando en la Semana Nacional del Emprendedor, que esta semana se llevar\u00e1 a cabo en la ciudad de M\u00e9xico.<\/p>\n<p>La Semana Nacional del Emprendedor es un encuentro que se prepar\u00f3 con especial atenci\u00f3n a los emprendedores y empresarios de las micro, peque\u00f1as o medianas empresas. Este 2016 est\u00e1 enfocada en las Industrias del Futuro a trav\u00e9s de 13 Ecosistemas, m\u00e1s de 450 Conferencias y Talleres, habr\u00e1 m\u00e1s actividades innovadoras como el Disruptivo Fest, Mercado Emprendedor, Food Trucks, demostraci\u00f3n de productos con degustaci\u00f3n y foro abierto para las Industrias Creativas.<\/p>\n<p>Ireri Rivera Garc\u00eda, Secretaria de Desarrollo Econ\u00f3mico y Emprendedor de Morelia puntualiz\u00f3 que los autobuses que ofrece el Alcalde, Alfonso Mart\u00ednez, partir\u00e1n el pr\u00f3ximo viernes 7 de octubre, donde el regreso est\u00e1 programado el mismo d\u00eda.<\/p>\n<p>En tanto, dijo que los empresarios, emprendedores y p\u00fablico en general que no pueda acudir a la ciudad de M\u00e9xico a la Semana Nacional del Emprendedor, podr\u00e1 seguir la transmisi\u00f3n en vivo de las conferencias magistrales al interior de las oficinas de la Secretar\u00eda de Desarrollo Econ\u00f3mico y Emprendedor ubicadas en Boulevard Garc\u00eda de Le\u00f3n n\u00famero 753 en donde se habilit\u00f3 un espacio propio para quienes asistan, con horario de las 11:00 a las 20:00 horas hasta el pr\u00f3ximo s\u00e1bado 8 de octubre.<\/p>\n","protected":false},"excerpt":{"rendered":"<p>El Gobierno del Presidente Municipal de Morelia, Alfonso Mart\u00ednez Alc\u00e1zar en colaboraci\u00f3n con Distrito Emprendedor, ofrecer\u00e1 transporte a quienes han participado en alguno de los programas de emprendimiento del Ayuntamiento para que complementen su formaci\u00f3n con las diversas actividades y talleres que se estar\u00e1n llevando en la Semana Nacional del Emprendedor, que esta semana se llevar\u00e1 a cabo en la ciudad de M\u00e9xico.<\/p>\n","protected":false},"author":1,"featured_media":26407,"comment_status":"open","ping_status":"open","sticky":false,"template":"","format":"standard","meta":{"footnotes":""},"categories":[14,9],"tags":[],"class_list":["post-26405","post","type-post","status-publish","format-standard","has-post-thumbnail","hentry","category-destacadas","category-morelia"],"_links":{"self":[{"href":"https:\/\/radiowebmx.com\/nota\/wp-json\/wp\/v2\/posts\/26405","targetHints":{"allow":["GET"]}}],"collection":[{"href":"https:\/\/radiowebmx.com\/nota\/wp-json\/wp\/v2\/posts"}],"about":[{"href":"https:\/\/radiowebmx.com\/nota\/wp-json\/wp\/v2\/types\/post"}],"author":[{"embeddable":true,"href":"https:\/\/radiowebmx.com\/nota\/wp-json\/wp\/v2\/users\/1"}],"replies":[{"embeddable":true,"href":"https:\/\/radiowebmx.com\/nota\/wp-json\/wp\/v2\/comments?post=26405"}],"version-history":[{"count":2,"href":"https:\/\/radiowebmx.com\/nota\/wp-json\/wp\/v2\/posts\/26405\/revisions"}],"predecessor-version":[{"id":26409,"href":"https:\/\/radiowebmx.com\/nota\/wp-json\/wp\/v2\/posts\/26405\/revisions\/26409"}],"wp:featuredmedia":[{"embeddable":true,"href":"https:\/\/radiowebmx.com\/nota\/wp-json\/wp\/v2\/media\/26407"}],"wp:attachment":[{"href":"https:\/\/radiowebmx.com\/nota\/wp-json\/wp\/v2\/media?parent=26405"}],"wp:term":[{"taxonomy":"category","embeddable":true,"href":"https:\/\/radiowebmx.com\/nota\/wp-json\/wp\/v2\/categories?post=26405"},{"taxonomy":"post_tag","embeddable":true,"href":"https:\/\/radiowebmx.com\/nota\/wp-json\/wp\/v2\/tags?post=26405"}],"curies":[{"name":"wp","href":"https:\/\/api.w.org\/{rel}","templated":true}]}}