{"id":26396,"date":"2016-10-05T12:02:57","date_gmt":"2016-10-05T17:02:57","guid":{"rendered":"https:\/\/radiowebmx.com\/nota\/?p=26396"},"modified":"2016-10-05T12:02:57","modified_gmt":"2016-10-05T17:02:57","slug":"intercambian-experiencias-en-beneficio-del-sector-forestal-de-michoacan","status":"publish","type":"post","link":"https:\/\/radiowebmx.com\/nota\/intercambian-experiencias-en-beneficio-del-sector-forestal-de-michoacan\/","title":{"rendered":"Intercambian experiencias en beneficio del sector forestal de Michoac\u00e1n"},"content":{"rendered":"<figure id=\"attachment_26397\" aria-describedby=\"caption-attachment-26397\" style=\"width: 591px\" class=\"wp-caption alignleft\"><img loading=\"lazy\" decoding=\"async\" class=\"size-full wp-image-26397\" src=\"https:\/\/radiowebmx.com\/nota\/wp-content\/uploads\/2016\/10\/ada296b5-5b8a-4e74-9b33-dd8888c21c26-1.jpg\" alt=\"SONY DSC\" width=\"591\" height=\"291\" srcset=\"https:\/\/radiowebmx.com\/nota\/wp-content\/uploads\/2016\/10\/ada296b5-5b8a-4e74-9b33-dd8888c21c26-1.jpg 591w, https:\/\/radiowebmx.com\/nota\/wp-content\/uploads\/2016\/10\/ada296b5-5b8a-4e74-9b33-dd8888c21c26-1-300x148.jpg 300w\" sizes=\"auto, (max-width: 591px) 100vw, 591px\" \/><figcaption id=\"caption-attachment-26397\" class=\"wp-caption-text\">SONY DSC<\/figcaption><\/figure>\n<p>Para intercambiar experiencias y propuestas a favor del sector forestal del estado, se reunieron autoridades de la Comisi\u00f3n Forestal e integrantes de la Asociaci\u00f3n Michoacana de Prestadores de Servicios T\u00e9cnicos Forestales.<\/p>\n<p>En este primer encuentro, el titular de la Cofom, Roberto P\u00e9rez Medrano, destac\u00f3 que Michoac\u00e1n requiere de acciones fuertes y concretas para elevar la productividad y sustentabilidad forestal, siendo parte fundamental la aportaci\u00f3n de quienes practican actividades de planificaci\u00f3n y ejecuci\u00f3n de la silvicultura, de manejo forestal, asesor\u00eda y capacitaci\u00f3n a favor de los propietarios de los recursos forestales.<\/p>\n<p>Indic\u00f3 que en la entidad se trabaja en dos grandes retos: frenar los \u00edndices de deforestaci\u00f3n y los efectos del cambio de uso de suelo, en donde otra l\u00ednea de acci\u00f3n es lograr elevar la producci\u00f3n y productividad maderable.<\/p>\n<p>Hizo notar que sin duda, la aportaci\u00f3n y experiencia de los prestadores de los servicios t\u00e9cnicos forestales, har\u00e1n que Michoac\u00e1n continu\u00e9 avanzando en el aprovechamiento forestal sustentable y ordenado en cada una de las regiones de la entidad.<\/p>\n<p>Por su parte, el presidente estatal de los Prestadores de Servicios T\u00e9cnicos Forestales, Mario Mendoza, reconoci\u00f3 la disponibilidad de las autoridades ambientales y forestales de los tres \u00e1mbitos de gobierno en la b\u00fasqueda del trabajo conjunto para aprovechar el potencial que existe en estos rubros y lograr que se escuche la voz de quienes aportan experiencia para su desarrollo.<\/p>\n","protected":false},"excerpt":{"rendered":"<p>Para intercambiar experiencias y propuestas a favor del sector forestal del estado, se reunieron autoridades de la Comisi\u00f3n Forestal e integrantes de la Asociaci\u00f3n Michoacana de Prestadores de Servicios T\u00e9cnicos Forestales.<\/p>\n","protected":false},"author":1,"featured_media":26397,"comment_status":"open","ping_status":"open","sticky":false,"template":"","format":"standard","meta":{"footnotes":""},"categories":[14,3],"tags":[],"class_list":["post-26396","post","type-post","status-publish","format-standard","has-post-thumbnail","hentry","category-destacadas","category-gobierno-del-estado-de-michoacan"],"_links":{"self":[{"href":"https:\/\/radiowebmx.com\/nota\/wp-json\/wp\/v2\/posts\/26396","targetHints":{"allow":["GET"]}}],"collection":[{"href":"https:\/\/radiowebmx.com\/nota\/wp-json\/wp\/v2\/posts"}],"about":[{"href":"https:\/\/radiowebmx.com\/nota\/wp-json\/wp\/v2\/types\/post"}],"author":[{"embeddable":true,"href":"https:\/\/radiowebmx.com\/nota\/wp-json\/wp\/v2\/users\/1"}],"replies":[{"embeddable":true,"href":"https:\/\/radiowebmx.com\/nota\/wp-json\/wp\/v2\/comments?post=26396"}],"version-history":[{"count":1,"href":"https:\/\/radiowebmx.com\/nota\/wp-json\/wp\/v2\/posts\/26396\/revisions"}],"predecessor-version":[{"id":26398,"href":"https:\/\/radiowebmx.com\/nota\/wp-json\/wp\/v2\/posts\/26396\/revisions\/26398"}],"wp:featuredmedia":[{"embeddable":true,"href":"https:\/\/radiowebmx.com\/nota\/wp-json\/wp\/v2\/media\/26397"}],"wp:attachment":[{"href":"https:\/\/radiowebmx.com\/nota\/wp-json\/wp\/v2\/media?parent=26396"}],"wp:term":[{"taxonomy":"category","embeddable":true,"href":"https:\/\/radiowebmx.com\/nota\/wp-json\/wp\/v2\/categories?post=26396"},{"taxonomy":"post_tag","embeddable":true,"href":"https:\/\/radiowebmx.com\/nota\/wp-json\/wp\/v2\/tags?post=26396"}],"curies":[{"name":"wp","href":"https:\/\/api.w.org\/{rel}","templated":true}]}}