{"id":26391,"date":"2016-10-05T12:01:15","date_gmt":"2016-10-05T17:01:15","guid":{"rendered":"https:\/\/radiowebmx.com\/nota\/?p=26391"},"modified":"2016-10-05T12:01:15","modified_gmt":"2016-10-05T17:01:15","slug":"participaran-alumnos-del-cecytem-en-campana-de-alfabetizacion-del-inea","status":"publish","type":"post","link":"https:\/\/radiowebmx.com\/nota\/participaran-alumnos-del-cecytem-en-campana-de-alfabetizacion-del-inea\/","title":{"rendered":"Participar\u00e1n alumnos del CECyTEM en campa\u00f1a de alfabetizaci\u00f3n del INEA"},"content":{"rendered":"<p><img loading=\"lazy\" decoding=\"async\" class=\"alignleft size-full wp-image-26393\" src=\"https:\/\/radiowebmx.com\/nota\/wp-content\/uploads\/2016\/10\/7e51ab37-62ca-4e8a-b5b2-d3deaa94c981.jpg\" alt=\"7e51ab37-62ca-4e8a-b5b2-d3deaa94c981\" width=\"591\" height=\"346\" srcset=\"https:\/\/radiowebmx.com\/nota\/wp-content\/uploads\/2016\/10\/7e51ab37-62ca-4e8a-b5b2-d3deaa94c981.jpg 591w, https:\/\/radiowebmx.com\/nota\/wp-content\/uploads\/2016\/10\/7e51ab37-62ca-4e8a-b5b2-d3deaa94c981-300x176.jpg 300w\" sizes=\"auto, (max-width: 591px) 100vw, 591px\" \/>A partir del pr\u00f3ximo mes de noviembre y hasta abril de 2017, 507 alumnas y alumnos que cursan el tercer y el quinto semestre en el Colegio de Estudios Cient\u00edficos y Tecnol\u00f3gicos del Estado de Michoac\u00e1n (CECyTEM), participar\u00e1n en la campa\u00f1a \u201cYo Alfabetizo por Michoac\u00e1n\u201d, con la meta de alfabetizar a 2 mil 535 personas en la geograf\u00eda michoacana.<\/p>\n<p>As\u00ed lo inform\u00f3 la directora general del CECyTEM, Mar\u00eda del Carmen Escobedo P\u00e9rez, quien este martes sostuvo una reuni\u00f3n con representantes de la delegaci\u00f3n federal del Instituto Nacional para la Educaci\u00f3n de los Adultos (INEA), con el prop\u00f3sito de otorgar la informaci\u00f3n general sobre la campa\u00f1a.<\/p>\n<p>Enfatiz\u00f3 que \u201cYo Alfabetizo por Michoac\u00e1n\u201d, se deriva del convenio signado por el Gobernador Silvano Aureoles Conejo y el director general del INEA, Alfredo Llorente Mart\u00ednez, en meses pasados, con el prop\u00f3sito de establecer las bases generales de colaboraci\u00f3n en el marco de la campa\u00f1a nacional de alfabetizaci\u00f3n y abatimiento del rezago educativo.<\/p>\n<p>Ante ello, a trav\u00e9s de videoconferencia, se formaliz\u00f3 la puesta en marcha de la alianza estrat\u00e9gica con los directores y jefes de vinculaci\u00f3n de 34 planteles escolarizados, y los responsables y auxiliares de 10 planteles de Centros de Educaci\u00f3n Media Superior a Distancia (CEMSAD).<\/p>\n<p>Mar\u00eda del Carmen Escobedo destac\u00f3 que cada uno de los 507 alumnos que participar\u00e1n en esta etapa, tendr\u00e1 que alfabetizar a cinco personas y con ello podr\u00e1n liberar su servicio social en sus comunidades, adem\u00e1s de recibir un recurso econ\u00f3mico al finalizar la campa\u00f1a de alfabetizaci\u00f3n por parte del INEA.<\/p>\n<p>Por su parte, el delegado estatal del INEA, Juan Jos\u00e9 D\u00edaz Barriga Vargas, manifest\u00f3 que con la colaboraci\u00f3n de las y los alumnos del CECyTEM, se coadyuvar\u00e1 para que m\u00e1s adultos sean alfabetizados en los municipios y comunidades donde hay presencia del subsistema y con ello trabajar a favor de quienes desean aprender a leer y escribir.<\/p>\n<p>La parte t\u00e9cnica de la videoconferencia estuvo a cargo de Julio Nava N\u00fa\u00f1ez, director de Inform\u00e1tica del CECyTEM, en coordinaci\u00f3n con Rafael D\u00edaz Gil, director de Vinculaci\u00f3n del subsistema.<\/p>\n","protected":false},"excerpt":{"rendered":"<p>A partir del pr\u00f3ximo mes de noviembre y hasta abril de 2017, 507 alumnas y alumnos que cursan el tercer y el quinto semestre en el CECyTEM, participar\u00e1n en la campa\u00f1a \u201cYo Alfabetizo por Michoac\u00e1n\u201d, con la meta de alfabetizar a 2 mil 535 personas en la geograf\u00eda michoacana.<\/p>\n","protected":false},"author":1,"featured_media":26393,"comment_status":"open","ping_status":"open","sticky":false,"template":"","format":"standard","meta":{"footnotes":""},"categories":[14,3],"tags":[],"class_list":["post-26391","post","type-post","status-publish","format-standard","has-post-thumbnail","hentry","category-destacadas","category-gobierno-del-estado-de-michoacan"],"_links":{"self":[{"href":"https:\/\/radiowebmx.com\/nota\/wp-json\/wp\/v2\/posts\/26391","targetHints":{"allow":["GET"]}}],"collection":[{"href":"https:\/\/radiowebmx.com\/nota\/wp-json\/wp\/v2\/posts"}],"about":[{"href":"https:\/\/radiowebmx.com\/nota\/wp-json\/wp\/v2\/types\/post"}],"author":[{"embeddable":true,"href":"https:\/\/radiowebmx.com\/nota\/wp-json\/wp\/v2\/users\/1"}],"replies":[{"embeddable":true,"href":"https:\/\/radiowebmx.com\/nota\/wp-json\/wp\/v2\/comments?post=26391"}],"version-history":[{"count":2,"href":"https:\/\/radiowebmx.com\/nota\/wp-json\/wp\/v2\/posts\/26391\/revisions"}],"predecessor-version":[{"id":26395,"href":"https:\/\/radiowebmx.com\/nota\/wp-json\/wp\/v2\/posts\/26391\/revisions\/26395"}],"wp:featuredmedia":[{"embeddable":true,"href":"https:\/\/radiowebmx.com\/nota\/wp-json\/wp\/v2\/media\/26393"}],"wp:attachment":[{"href":"https:\/\/radiowebmx.com\/nota\/wp-json\/wp\/v2\/media?parent=26391"}],"wp:term":[{"taxonomy":"category","embeddable":true,"href":"https:\/\/radiowebmx.com\/nota\/wp-json\/wp\/v2\/categories?post=26391"},{"taxonomy":"post_tag","embeddable":true,"href":"https:\/\/radiowebmx.com\/nota\/wp-json\/wp\/v2\/tags?post=26391"}],"curies":[{"name":"wp","href":"https:\/\/api.w.org\/{rel}","templated":true}]}}