{"id":26388,"date":"2016-10-05T11:56:39","date_gmt":"2016-10-05T16:56:39","guid":{"rendered":"https:\/\/radiowebmx.com\/nota\/?p=26388"},"modified":"2016-10-05T11:58:13","modified_gmt":"2016-10-05T16:58:13","slug":"imced-beneficiado-con-el-programa-escuelas-al-cien","status":"publish","type":"post","link":"https:\/\/radiowebmx.com\/nota\/imced-beneficiado-con-el-programa-escuelas-al-cien\/","title":{"rendered":"Imced, beneficiado con el programa Escuelas al CIEN"},"content":{"rendered":"<p><img loading=\"lazy\" decoding=\"async\" class=\"alignleft size-full wp-image-26389\" src=\"https:\/\/radiowebmx.com\/nota\/wp-content\/uploads\/2016\/10\/ae4b9c54-d379-4af3-b10d-604e2e159d7e.jpg\" alt=\"ae4b9c54-d379-4af3-b10d-604e2e159d7e\" width=\"591\" height=\"326\" srcset=\"https:\/\/radiowebmx.com\/nota\/wp-content\/uploads\/2016\/10\/ae4b9c54-d379-4af3-b10d-604e2e159d7e.jpg 591w, https:\/\/radiowebmx.com\/nota\/wp-content\/uploads\/2016\/10\/ae4b9c54-d379-4af3-b10d-604e2e159d7e-300x165.jpg 300w, https:\/\/radiowebmx.com\/nota\/wp-content\/uploads\/2016\/10\/ae4b9c54-d379-4af3-b10d-604e2e159d7e-284x158.jpg 284w, https:\/\/radiowebmx.com\/nota\/wp-content\/uploads\/2016\/10\/ae4b9c54-d379-4af3-b10d-604e2e159d7e-128x72.jpg 128w\" sizes=\"auto, (max-width: 591px) 100vw, 591px\" \/>Gracias a las gestiones del Gobernador Silvano Aureoles Conejo, el Instituto Michoacano de Ciencias de la Educaci\u00f3n (Imced) se favorece con recursos por 2.5 millones de pesos del programa federal Escuelas al CIEN, por lo que contar\u00e1 en breve con ocho nuevas aulas en su sede central, para beneficiar a por lo menos mil alumnos de la instituci\u00f3n.<\/p>\n<p>De acuerdo con lo informado por L\u00e1zaro Bucio Gonz\u00e1lez y Salvador G\u00f3mez Mart\u00edn del Campo, subdirector de Planeaci\u00f3n y delegado administrativo del Imced, respectivamente, se encuentra en ejecuci\u00f3n la primera etapa de construcci\u00f3n, consistente en cuatro aulas y el cubo de la escalera del edificio dise\u00f1ado para dos plantas.<\/p>\n<p>Conforme a lo planeado, el pasado 1 de septiembre fueron iniciados los trabajos en el ala oriente, estimados para realizarse en 90 d\u00edas a partir de esa fecha, por lo que se calcula que ser\u00e1 para el 30 de noviembre cuando se concluya esta parte del edificio.<\/p>\n<p>Tras indicar que el proceso de licitaci\u00f3n de la obra fue efectuado por el Instituto de la Infraestructura F\u00edsica Educativa del Estado de Michoac\u00e1n (IIFEEM), los funcionarios explicaron que se tiene previsto hacer uso del nuevo edificio en su totalidad para el inicio del segundo semestre de este a\u00f1o lectivo, en febrero de 2017; el proyecto de crecimiento es para atender a mil alumnos.<\/p>\n<p>Es importante recordar que al cierre de 2016, se invertir\u00e1n en Michoac\u00e1n en infraestructura educativa alrededor de mil 470 millones de pesos, recursos provenientes de programas Escuelas al CIEN 2015 y 2016, FAM regular, Reforma Educativa y Escuelas de Tiempo Completo, principalmente, para atender m\u00e1s de mil 400 escuelas de educaci\u00f3n p\u00fablica en sus diferentes niveles.<\/p>\n","protected":false},"excerpt":{"rendered":"<p>Gracias a las gestiones del Gobernador Silvano Aureoles Conejo, el Instituto Michoacano de Ciencias de la Educaci\u00f3n (Imced) se favorece con recursos por 2.5 millones de pesos del programa federal Escuelas al CIEN, por lo que contar\u00e1 en breve con ocho nuevas aulas en su sede central, para beneficiar a por lo menos mil alumnos de la instituci\u00f3n.<\/p>\n","protected":false},"author":1,"featured_media":26389,"comment_status":"open","ping_status":"open","sticky":false,"template":"","format":"standard","meta":{"footnotes":""},"categories":[14,3],"tags":[],"class_list":["post-26388","post","type-post","status-publish","format-standard","has-post-thumbnail","hentry","category-destacadas","category-gobierno-del-estado-de-michoacan"],"_links":{"self":[{"href":"https:\/\/radiowebmx.com\/nota\/wp-json\/wp\/v2\/posts\/26388","targetHints":{"allow":["GET"]}}],"collection":[{"href":"https:\/\/radiowebmx.com\/nota\/wp-json\/wp\/v2\/posts"}],"about":[{"href":"https:\/\/radiowebmx.com\/nota\/wp-json\/wp\/v2\/types\/post"}],"author":[{"embeddable":true,"href":"https:\/\/radiowebmx.com\/nota\/wp-json\/wp\/v2\/users\/1"}],"replies":[{"embeddable":true,"href":"https:\/\/radiowebmx.com\/nota\/wp-json\/wp\/v2\/comments?post=26388"}],"version-history":[{"count":1,"href":"https:\/\/radiowebmx.com\/nota\/wp-json\/wp\/v2\/posts\/26388\/revisions"}],"predecessor-version":[{"id":26390,"href":"https:\/\/radiowebmx.com\/nota\/wp-json\/wp\/v2\/posts\/26388\/revisions\/26390"}],"wp:featuredmedia":[{"embeddable":true,"href":"https:\/\/radiowebmx.com\/nota\/wp-json\/wp\/v2\/media\/26389"}],"wp:attachment":[{"href":"https:\/\/radiowebmx.com\/nota\/wp-json\/wp\/v2\/media?parent=26388"}],"wp:term":[{"taxonomy":"category","embeddable":true,"href":"https:\/\/radiowebmx.com\/nota\/wp-json\/wp\/v2\/categories?post=26388"},{"taxonomy":"post_tag","embeddable":true,"href":"https:\/\/radiowebmx.com\/nota\/wp-json\/wp\/v2\/tags?post=26388"}],"curies":[{"name":"wp","href":"https:\/\/api.w.org\/{rel}","templated":true}]}}