{"id":26385,"date":"2016-10-05T11:51:28","date_gmt":"2016-10-05T16:51:28","guid":{"rendered":"https:\/\/radiowebmx.com\/nota\/?p=26385"},"modified":"2016-10-05T11:52:04","modified_gmt":"2016-10-05T16:52:04","slug":"preparan-a-funcionarios-municipales-en-materia-de-participacion-ciudadana","status":"publish","type":"post","link":"https:\/\/radiowebmx.com\/nota\/preparan-a-funcionarios-municipales-en-materia-de-participacion-ciudadana\/","title":{"rendered":"Preparan a funcionarios municipales en materia de participaci\u00f3n ciudadana"},"content":{"rendered":"<p><img loading=\"lazy\" decoding=\"async\" class=\"alignleft size-full wp-image-26386\" src=\"https:\/\/radiowebmx.com\/nota\/wp-content\/uploads\/2016\/10\/e383892e-c5a9-40ae-ad37-092f7c7a62c9.jpeg\" alt=\"e383892e-c5a9-40ae-ad37-092f7c7a62c9\" width=\"591\" height=\"313\" srcset=\"https:\/\/radiowebmx.com\/nota\/wp-content\/uploads\/2016\/10\/e383892e-c5a9-40ae-ad37-092f7c7a62c9.jpeg 591w, https:\/\/radiowebmx.com\/nota\/wp-content\/uploads\/2016\/10\/e383892e-c5a9-40ae-ad37-092f7c7a62c9-300x159.jpeg 300w\" sizes=\"auto, (max-width: 591px) 100vw, 591px\" \/>El Centro Estatal para el Desarrollo Municipal (Cedemun), en coordinaci\u00f3n con el Instituto Electoral de Michoac\u00e1n (IEM) y el Tribunal Electoral del Estado de Michoac\u00e1n (TEEM), capacitan a s\u00edndicos y asesores jur\u00eddicos en materia de mecanismos de participaci\u00f3n ciudadana y juicio para la protecci\u00f3n de los derechos pol\u00edtico electorales del ciudadano.<\/p>\n<p>El vocal ejecutivo del Cedemun, Carlos Paredes Correa, detall\u00f3 que derivado de un convenio entre la dependencia estatal, el IEM, el TEEM y el Instituto Nacional Electoral, es posible capacitar a las autoridades municipales para que cuenten con los conocimientos necesarios sobre el tr\u00e1mite de requisitos y procedencia de los juicios para la protecci\u00f3n de los derechos pol\u00edtico electorales de los ciudadanos, que est\u00e1n consagrados en la Ley de Justicia en Materia Electoral y Participaci\u00f3n de la Ciudadan\u00eda del Estado de Michoac\u00e1n.<\/p>\n<p>&#8220;La capacitaci\u00f3n ser\u00e1 siempre la principal herramienta para una mejor funci\u00f3n en todos los sectores&#8221;, asegur\u00f3 el funcionario estatal, y resalt\u00f3 que el Gobernador Silvano Aureoles instruy\u00f3 al Cedemun para capacitar a los servidores p\u00fablicos de todos los ayuntamientos michoacanos, especialmente en materia legal y protecci\u00f3n de derechos, as\u00ed como promover la participaci\u00f3n ciudadana en la cultura democr\u00e1tica.<\/p>\n<p>A la ceremonia inaugural de la capacitaci\u00f3n tambi\u00e9n asistieron el consejero presidente del IEM, Ram\u00f3n Hern\u00e1ndez Reyes; el magistrado presidente del TEEM, Alejandro Rodr\u00edguez Santoyo; y el consejero electoral y presidente de la Comisi\u00f3n de Capacitaci\u00f3n C\u00edvica, Jos\u00e9 Rom\u00e1n Ram\u00edrez Vargas.<\/p>\n","protected":false},"excerpt":{"rendered":"<p>El Cedemun, en coordinaci\u00f3n con el IEM y el TEEM, capacitan a s\u00edndicos y asesores jur\u00eddicos en materia de mecanismos de participaci\u00f3n ciudadana y juicio para la protecci\u00f3n de los derechos pol\u00edtico electorales del ciudadano.<\/p>\n","protected":false},"author":1,"featured_media":26386,"comment_status":"open","ping_status":"open","sticky":false,"template":"","format":"standard","meta":{"footnotes":""},"categories":[14,3],"tags":[],"class_list":["post-26385","post","type-post","status-publish","format-standard","has-post-thumbnail","hentry","category-destacadas","category-gobierno-del-estado-de-michoacan"],"_links":{"self":[{"href":"https:\/\/radiowebmx.com\/nota\/wp-json\/wp\/v2\/posts\/26385","targetHints":{"allow":["GET"]}}],"collection":[{"href":"https:\/\/radiowebmx.com\/nota\/wp-json\/wp\/v2\/posts"}],"about":[{"href":"https:\/\/radiowebmx.com\/nota\/wp-json\/wp\/v2\/types\/post"}],"author":[{"embeddable":true,"href":"https:\/\/radiowebmx.com\/nota\/wp-json\/wp\/v2\/users\/1"}],"replies":[{"embeddable":true,"href":"https:\/\/radiowebmx.com\/nota\/wp-json\/wp\/v2\/comments?post=26385"}],"version-history":[{"count":1,"href":"https:\/\/radiowebmx.com\/nota\/wp-json\/wp\/v2\/posts\/26385\/revisions"}],"predecessor-version":[{"id":26387,"href":"https:\/\/radiowebmx.com\/nota\/wp-json\/wp\/v2\/posts\/26385\/revisions\/26387"}],"wp:featuredmedia":[{"embeddable":true,"href":"https:\/\/radiowebmx.com\/nota\/wp-json\/wp\/v2\/media\/26386"}],"wp:attachment":[{"href":"https:\/\/radiowebmx.com\/nota\/wp-json\/wp\/v2\/media?parent=26385"}],"wp:term":[{"taxonomy":"category","embeddable":true,"href":"https:\/\/radiowebmx.com\/nota\/wp-json\/wp\/v2\/categories?post=26385"},{"taxonomy":"post_tag","embeddable":true,"href":"https:\/\/radiowebmx.com\/nota\/wp-json\/wp\/v2\/tags?post=26385"}],"curies":[{"name":"wp","href":"https:\/\/api.w.org\/{rel}","templated":true}]}}