{"id":26374,"date":"2016-10-04T11:13:09","date_gmt":"2016-10-04T16:13:09","guid":{"rendered":"https:\/\/radiowebmx.com\/nota\/?p=26374"},"modified":"2016-10-04T11:13:09","modified_gmt":"2016-10-04T16:13:09","slug":"vamos-a-reconstruir-el-tejido-social-hoy-tenemos-una-nueva-herramienta-para-lograrlo-wlm","status":"publish","type":"post","link":"https:\/\/radiowebmx.com\/nota\/vamos-a-reconstruir-el-tejido-social-hoy-tenemos-una-nueva-herramienta-para-lograrlo-wlm\/","title":{"rendered":"Vamos  a reconstruir el tejido social, hoy tenemos una nueva herramienta para lograrlo: WLM"},"content":{"rendered":"<p>Morelia, Mich., octubre 3 de 2016.- La reconstrucci\u00f3n del tejido social, no se qued\u00f3 en eslogan ni en buenas intenciones,  el diputado Wilfrido L\u00e1zaro Medina, present\u00f3 la iniciativa para la construcci\u00f3n de la Ley para la Cultura de la Paz y Prevenci\u00f3n de la Violencia y la Delincuencia en Michoac\u00e1n que en d\u00edas pasados  fue promulgada y que ser\u00e1 ejecutada con el ejercicio de pol\u00edticas transversales eficaces. <\/p>\n<p>Para el diputado tricolor, la promulgaci\u00f3n de esta ley fue un compromiso cumplido a la sociedad michoacana porque record\u00f3 que ante las condiciones adversas por la que atraviesa la entidad, desde 2014 siendo presidente municipal de Morelia, busc\u00f3 con \u00e9xito diversas alternativas que permitieran en la ciudad capital, aplicar estrategias para reconstruir el tejido social. <\/p>\n<p>Mape\u00f3 la ciudad ubicando los pol\u00edgonos de alta incidencia delictiva y ah\u00ed, en coordinaci\u00f3n con los gobiernos estatal y federal, aplic\u00f3 atinadas estrategias de prevenci\u00f3n para arrancar a ni\u00f1os y j\u00f3venes de las garras de la delincuencia a trav\u00e9s del deporte y la cultura y hoy, \u201ccon una ley en mano, el Poder Ejecutivo podr\u00e1 aplicar en todo el estado, estas y otras acciones orientadas al fomento de una cultura de paz que d\u00e9 armon\u00eda a la sociedad e impulso a la participaci\u00f3n ciudadana y la inclusi\u00f3n. <\/p>\n<p>L\u00e1zaro Medina destac\u00f3 que a partir de la publicaci\u00f3n de esta ley, entrar\u00e1 en vigencia la obligaci\u00f3n de reglamentarla por parte del Ejecutivo y, a la vez, los gobiernos estatal y municipales se obligan a prever recursos y generar pol\u00edticas p\u00fablicas en sentido de la promoci\u00f3n permanente de la cultura de paz y la prevenci\u00f3n como mecanismos fundamentales para recuperar la fortaleza del sentido de comunidad, \u201choy para promover la paz y reconstruir el tejido social, tenemos una herramienta con dientes\u201d, coment\u00f3 el legislador tricolor. <\/p>\n<p>Lo anterior, a partir de los valores y el civismo; del respeto, la legalidad, los derechos humanos, la tolerancia, la voluntad, la generosidad, la solidaridad, la humildad, el di\u00e1logo, la b\u00fasqueda conjunta de alternativas de soluci\u00f3n, los acuerdos y su cumplimiento y la comunicaci\u00f3n permanente para la evaluaci\u00f3n consistente que lleve a la reconciliaci\u00f3n, al progreso y a la paz positiva para todos. <\/p>\n<p>El integrante del Grupo Parlamentario del PRI se congratul\u00f3 del avance en materia de prevenci\u00f3n que se registra con la promulgaci\u00f3n de este nuevo precepto legal y de su publicaci\u00f3n en el Peri\u00f3dico Oficial del Estado de Michoac\u00e1n. <\/p>\n<p>Asimismo hizo referencia que con esta herramienta y al evento protocolario de su anuncio, fueron convocados integrantes del gabinete legal y ampliado del mandatario michoacano, Silvano Aureoles Conejo, as\u00ed como los legisladores del Congreso local, presidentes municipales, delegados federales, organizaciones civiles y medios de comunicaci\u00f3n, ante quienes el gobernador, reconoci\u00f3 la labor del Poder Legislativo al aportar instrumentos como esta Ley que promover\u00e1 pol\u00edticas p\u00fablicas en favor de la armon\u00eda social y  el apego a la ley. <\/p>\n<p>Es por ello remat\u00f3 L\u00e1zaro Medina que con esta ley y la pol\u00edtica transversal que el Jefe del Ejecutivo estatal al respecto pretende ejercer, se hace posible considerar que la reconstrucci\u00f3n del tejido social no se quedo en buenas intensiones y que se avanzar\u00e1 con pasos firmes para lograr la paz en la entidad.<\/p>\n","protected":false},"excerpt":{"rendered":"<p>La reconstrucci\u00f3n del tejido social, no se qued\u00f3 en eslogan ni en buenas intenciones,  el diputado WLM, present\u00f3 la iniciativa para la construcci\u00f3n de la Ley para la Cultura de la Paz y Prevenci\u00f3n de la Violencia y la Delincuencia en Michoac\u00e1n que en d\u00edas pasados  fue promulgada y que ser\u00e1 ejecutada con el ejercicio de pol\u00edticas transversales eficaces. <\/p>\n","protected":false},"author":1,"featured_media":26375,"comment_status":"open","ping_status":"open","sticky":false,"template":"","format":"standard","meta":{"footnotes":""},"categories":[6,14,7],"tags":[],"class_list":["post-26374","post","type-post","status-publish","format-standard","has-post-thumbnail","hentry","category-congreso-del-estado","category-destacadas","category-grupo-parlamentario-del-pri"],"_links":{"self":[{"href":"https:\/\/radiowebmx.com\/nota\/wp-json\/wp\/v2\/posts\/26374","targetHints":{"allow":["GET"]}}],"collection":[{"href":"https:\/\/radiowebmx.com\/nota\/wp-json\/wp\/v2\/posts"}],"about":[{"href":"https:\/\/radiowebmx.com\/nota\/wp-json\/wp\/v2\/types\/post"}],"author":[{"embeddable":true,"href":"https:\/\/radiowebmx.com\/nota\/wp-json\/wp\/v2\/users\/1"}],"replies":[{"embeddable":true,"href":"https:\/\/radiowebmx.com\/nota\/wp-json\/wp\/v2\/comments?post=26374"}],"version-history":[{"count":1,"href":"https:\/\/radiowebmx.com\/nota\/wp-json\/wp\/v2\/posts\/26374\/revisions"}],"predecessor-version":[{"id":26376,"href":"https:\/\/radiowebmx.com\/nota\/wp-json\/wp\/v2\/posts\/26374\/revisions\/26376"}],"wp:featuredmedia":[{"embeddable":true,"href":"https:\/\/radiowebmx.com\/nota\/wp-json\/wp\/v2\/media\/26375"}],"wp:attachment":[{"href":"https:\/\/radiowebmx.com\/nota\/wp-json\/wp\/v2\/media?parent=26374"}],"wp:term":[{"taxonomy":"category","embeddable":true,"href":"https:\/\/radiowebmx.com\/nota\/wp-json\/wp\/v2\/categories?post=26374"},{"taxonomy":"post_tag","embeddable":true,"href":"https:\/\/radiowebmx.com\/nota\/wp-json\/wp\/v2\/tags?post=26374"}],"curies":[{"name":"wp","href":"https:\/\/api.w.org\/{rel}","templated":true}]}}