{"id":26368,"date":"2016-10-04T11:05:17","date_gmt":"2016-10-04T16:05:17","guid":{"rendered":"https:\/\/radiowebmx.com\/nota\/?p=26368"},"modified":"2016-10-04T11:05:17","modified_gmt":"2016-10-04T16:05:17","slug":"ficm-oportunidad-para-conocer-la-belleza-de-morelia-alfonso-martinez","status":"publish","type":"post","link":"https:\/\/radiowebmx.com\/nota\/ficm-oportunidad-para-conocer-la-belleza-de-morelia-alfonso-martinez\/","title":{"rendered":"FICM, oportunidad para conocer la belleza de Morelia: Alfonso Mart\u00ednez"},"content":{"rendered":"<p>Morelia se encuentra lista para recibir al s\u00e9ptimo arte, destac\u00f3 el Presidente Municipal, Alfonso Mart\u00ednez Alc\u00e1zar durante la rueda de prensa convocada para dar a conocer los avances de la programaci\u00f3n de la D\u00e9cimo Cuarta Edici\u00f3n del Festival Internacional de Cine de Morelia  (FICM), misma que se realizar\u00e1 del 21 al 30 de octubre y en cuyo marco los visitantes internacionales y nacionales podr\u00e1n conocer un poco de lo que ofrece la capital de Michoac\u00e1n como ciudad Patrimonio Mundial de la Humanidad.<\/p>\n<p>\u201cEn esta serie de eventos que tiene Morelia durante el a\u00f1o, sin duda alguna este es de los m\u00e1s importantes, ya que ser cede del Festival es algo que nos realza y permite compartir nuestra ciudad, no solo con M\u00e9xico sino con el mundo entero\u201d, resalt\u00f3.<\/p>\n<p>Acompa\u00f1ado en el pres\u00eddium a la Directora General de este Festival, Daniela Michel,  del Vicepresidente del mismo,  Cuauht\u00e9moc C\u00e1rdenas Batel y del  Director de Relaciones P\u00fablicas de Cin\u00e9polis, Ram\u00f3n Ram\u00edrez; Mart\u00ednez Alc\u00e1zar record\u00f3 que las sedes coloniales que ofrece la urbe de la cantera rosa son incomparables escenarios para los amantes del cine y que enamoran a la vista  de quienes acuden tanto a las proyecciones en los eventos gratuitos como en las sedes de los cines.<\/p>\n<p>En esta rueda de prensa, el Alcalde destac\u00f3 que anualmente eventos como este  atraen turismo y visitantes por lo cual estim\u00f3 que siga con el incremento de visitantes como se ha tenido en las diferentes \u00e9pocas del a\u00f1o y como  se tuvo el pasado mes de septiembre, que signific\u00f3 un 8 por ciento m\u00e1s respecto al 2015, cifras que recibi\u00f3 de la Asociaci\u00f3n de Hoteles de Morelia, el Aeropuerto Internacional de la ciudad \u201cGeneral Francisco  M\u00fajica\u201d y el Instituto Nacional de Migraci\u00f3n (INM).<\/p>\n<p>Mart\u00ednez Alc\u00e1zar previ\u00f3 que con 14 a\u00f1os de vida del Festival Internacional de Cine de Morelia, este acontecimiento apoye en gran medida para la consolidaci\u00f3n del incremento de visitantes a la ciudad.<\/p>\n<p>Por su parte,  la Secretaria de Turismo de la capital de Michoac\u00e1n, Thelma Aquique Arrieta  estim\u00f3 una derrama econ\u00f3mica de alrededor de 200 millones de pesos. En este sentido, su hom\u00f3loga estatal, Liliana L\u00f3pez Buenrostro destac\u00f3 que para el mes de octubre se tiene una afluencia estimada  de visitantes en Morelia de m\u00e1s de 200 mil turistas,  de las cuales cerca del  19 por ciento pertenecen  a  la ciudad de M\u00e9xico.<\/p>\n<p>L\u00f3pez Buenrostro invit\u00f3 a que los amantes del s\u00e9ptimo arte disfruten de la gastronom\u00eda, la calidez de la gente, la artesan\u00eda y cultura que tiene la ciudad de Morelia y que conjunta estas manifestaciones art\u00edsticas y culturales del interior del Estado.<\/p>\n<p>Por su parte, el Secretario del Cultura del Estado, Salvador Ginori Lozano record\u00f3 que las extensiones del festival se tendr\u00e1n en distintos municipios de la entidad a trav\u00e9s del programa de Cin\u00e9polis, \u201cCine Bajo las Estrellas\u201d, que es una las iniciativas que buscan recuperar el tejido social.<\/p>\n<p>Es de destacar que para esta edici\u00f3n del Festival se tendr\u00e1n los estrenos de la pel\u00edcula Neruda del actor Gael Garc\u00eda Bernal en el marco de la inauguraci\u00f3n del evento el pr\u00f3ximo 21 de septiembre, el  homenaje al Director Mexicano, Julio Bracho y como otra de las novedades se ha abierto al p\u00fablico en general la venta de espacios para la alfombra roja y coctel de bienvenida de estas actividades del s\u00e9ptimo arte que se llevar\u00e1n a cabo en Morelia durante 10 d\u00edas<\/p>\n","protected":false},"excerpt":{"rendered":"<p>Morelia se encuentra lista para recibir al s\u00e9ptimo arte, destac\u00f3 el Presidente Municipal, Alfonso Mart\u00ednez Alc\u00e1zar durante la rueda de prensa convocada para dar a conocer los avances de la programaci\u00f3n de la D\u00e9cimo Cuarta Edici\u00f3n del Festival Internacional de Cine de Morelia <\/p>\n","protected":false},"author":1,"featured_media":26369,"comment_status":"open","ping_status":"open","sticky":false,"template":"","format":"standard","meta":{"footnotes":""},"categories":[14,9],"tags":[],"class_list":["post-26368","post","type-post","status-publish","format-standard","has-post-thumbnail","hentry","category-destacadas","category-morelia"],"_links":{"self":[{"href":"https:\/\/radiowebmx.com\/nota\/wp-json\/wp\/v2\/posts\/26368","targetHints":{"allow":["GET"]}}],"collection":[{"href":"https:\/\/radiowebmx.com\/nota\/wp-json\/wp\/v2\/posts"}],"about":[{"href":"https:\/\/radiowebmx.com\/nota\/wp-json\/wp\/v2\/types\/post"}],"author":[{"embeddable":true,"href":"https:\/\/radiowebmx.com\/nota\/wp-json\/wp\/v2\/users\/1"}],"replies":[{"embeddable":true,"href":"https:\/\/radiowebmx.com\/nota\/wp-json\/wp\/v2\/comments?post=26368"}],"version-history":[{"count":1,"href":"https:\/\/radiowebmx.com\/nota\/wp-json\/wp\/v2\/posts\/26368\/revisions"}],"predecessor-version":[{"id":26370,"href":"https:\/\/radiowebmx.com\/nota\/wp-json\/wp\/v2\/posts\/26368\/revisions\/26370"}],"wp:featuredmedia":[{"embeddable":true,"href":"https:\/\/radiowebmx.com\/nota\/wp-json\/wp\/v2\/media\/26369"}],"wp:attachment":[{"href":"https:\/\/radiowebmx.com\/nota\/wp-json\/wp\/v2\/media?parent=26368"}],"wp:term":[{"taxonomy":"category","embeddable":true,"href":"https:\/\/radiowebmx.com\/nota\/wp-json\/wp\/v2\/categories?post=26368"},{"taxonomy":"post_tag","embeddable":true,"href":"https:\/\/radiowebmx.com\/nota\/wp-json\/wp\/v2\/tags?post=26368"}],"curies":[{"name":"wp","href":"https:\/\/api.w.org\/{rel}","templated":true}]}}