{"id":26351,"date":"2016-10-03T13:45:48","date_gmt":"2016-10-03T18:45:48","guid":{"rendered":"https:\/\/radiowebmx.com\/nota\/?p=26351"},"modified":"2016-10-03T13:45:48","modified_gmt":"2016-10-03T18:45:48","slug":"pan-realizara-responsable-analisis-del-presupuesto-2017-para-michoacan-carlos-quintana","status":"publish","type":"post","link":"https:\/\/radiowebmx.com\/nota\/pan-realizara-responsable-analisis-del-presupuesto-2017-para-michoacan-carlos-quintana\/","title":{"rendered":"PAN REALIZAR\u00c1 RESPONSABLE AN\u00c1LISIS DEL PRESUPUESTO 2017 PARA MICHOAC\u00c1N: CARLOS QUINTANA"},"content":{"rendered":"<p>Frente al dif\u00edcil escenario econ\u00f3mico y financiero que atraviesa el pa\u00eds y Michoac\u00e1n, el coordinador parlamentario Carlos Quintana Mart\u00ednez asever\u00f3 que por parte de Acci\u00f3n Nacional (PAN) se har\u00e1 un profundo y responsable an\u00e1lisis del proyecto de presupuesto 2017 entregado por el Ejecutivo, &#8220;con el fin de evitar recortes dr\u00e1sticos que afecten de manera importante a los michoacanos&#8221;.<\/p>\n<p>Tras asegurar que buscar\u00e1 una revisi\u00f3n &#8216;peso por peso&#8217; de lo que se prev\u00e9 destinar a cada \u00e1rea y secretar\u00eda del estado, indic\u00f3 que se priorizar\u00e1 la austeridad y escindir presupuestalmente lo que no sea claramente indispensable.<\/p>\n<p>Lo anterior, para generar un presupuesto michoacano adecuado para la poblaci\u00f3n, atendiendo el actual d\u00e9ficit estatal de -seg\u00fan las \u00faltimas cifras registradas- 5 mil millones de pesos as\u00ed como la deuda a proveedores por m\u00e1s de 15 mil millones de pesos, ello sin afectar gravemente las principales necesidades de la ciudadan\u00eda o las posibilidades de desarrollo para Michoac\u00e1n.<\/p>\n<p>En este tenor, Carlos Quintana extern\u00f3 que se deber\u00e1 poner sobre la mesa en el an\u00e1lisis del paquete econ\u00f3mico 2017 menores recursos en gastos hasta cierto punto prescindibles, a la par de un recorte a la burocracia, sector que ha venido en aumento sexenio tras sexenio, incluyendo el cierre al paso de &#8216;aviadores&#8217; en el servicio p\u00fablico, como parte de la b\u00fasqueda de medidas que contribuyan a resolver el boquete financiero del estado.<\/p>\n<p>Por \u00faltimo, el legislador por el PAN explic\u00f3 que la fracci\u00f3n parlamentaria que encabeza ser\u00e1 vigilante de que el gasto realizado por los gobiernos en Michoac\u00e1n sea ejercido de manera eficiente, de tal forma que se traduzca en servicios dignos y de buena calidad, en correspondencia al pago de impuestos que realiza la poblaci\u00f3n, donde se buscara proteger lo destinados a educaci\u00f3n de calidad, salud, infraestructura y seguridad.<\/p>\n","protected":false},"excerpt":{"rendered":"<p>Frente al dif\u00edcil escenario econ\u00f3mico y financiero que atraviesa el pa\u00eds y Michoac\u00e1n, el coordinador parlamentario Carlos Quintana Mart\u00ednez asever\u00f3 que por parte del PAN se har\u00e1 un profundo y responsable an\u00e1lisis del proyecto de presupuesto 2017 entregado por el Ejecutivo, &#8220;con el fin de evitar recortes dr\u00e1sticos que afecten de manera importante a los michoacanos&#8221;.<\/p>\n","protected":false},"author":1,"featured_media":26352,"comment_status":"open","ping_status":"open","sticky":false,"template":"","format":"standard","meta":{"footnotes":""},"categories":[6,14,8],"tags":[],"class_list":["post-26351","post","type-post","status-publish","format-standard","has-post-thumbnail","hentry","category-congreso-del-estado","category-destacadas","category-grupo-parlamentario-del-pan"],"_links":{"self":[{"href":"https:\/\/radiowebmx.com\/nota\/wp-json\/wp\/v2\/posts\/26351","targetHints":{"allow":["GET"]}}],"collection":[{"href":"https:\/\/radiowebmx.com\/nota\/wp-json\/wp\/v2\/posts"}],"about":[{"href":"https:\/\/radiowebmx.com\/nota\/wp-json\/wp\/v2\/types\/post"}],"author":[{"embeddable":true,"href":"https:\/\/radiowebmx.com\/nota\/wp-json\/wp\/v2\/users\/1"}],"replies":[{"embeddable":true,"href":"https:\/\/radiowebmx.com\/nota\/wp-json\/wp\/v2\/comments?post=26351"}],"version-history":[{"count":1,"href":"https:\/\/radiowebmx.com\/nota\/wp-json\/wp\/v2\/posts\/26351\/revisions"}],"predecessor-version":[{"id":26353,"href":"https:\/\/radiowebmx.com\/nota\/wp-json\/wp\/v2\/posts\/26351\/revisions\/26353"}],"wp:featuredmedia":[{"embeddable":true,"href":"https:\/\/radiowebmx.com\/nota\/wp-json\/wp\/v2\/media\/26352"}],"wp:attachment":[{"href":"https:\/\/radiowebmx.com\/nota\/wp-json\/wp\/v2\/media?parent=26351"}],"wp:term":[{"taxonomy":"category","embeddable":true,"href":"https:\/\/radiowebmx.com\/nota\/wp-json\/wp\/v2\/categories?post=26351"},{"taxonomy":"post_tag","embeddable":true,"href":"https:\/\/radiowebmx.com\/nota\/wp-json\/wp\/v2\/tags?post=26351"}],"curies":[{"name":"wp","href":"https:\/\/api.w.org\/{rel}","templated":true}]}}