{"id":26339,"date":"2016-10-03T13:11:35","date_gmt":"2016-10-03T18:11:35","guid":{"rendered":"https:\/\/radiowebmx.com\/nota\/?p=26339"},"modified":"2016-10-03T13:11:35","modified_gmt":"2016-10-03T18:11:35","slug":"restan-pocos-dias-para-el-tramite-de-la-cartilla-militar","status":"publish","type":"post","link":"https:\/\/radiowebmx.com\/nota\/restan-pocos-dias-para-el-tramite-de-la-cartilla-militar\/","title":{"rendered":"Restan pocos d\u00edas para el tr\u00e1mite de la Cartilla Militar"},"content":{"rendered":"<p>Sera este 14 de octubre el cierre de registros para realizar el Tr\u00e1mite de la Cartilla Militar para los j\u00f3venes clase 1998 o remisos, as\u00ed lo inform\u00f3 el Jefe de Departamento de la Junta Municipal de Reclutamiento, Arturo Nateras Espinoza, durante la visita que realiz\u00f3 el Secretario del Ayuntamiento, Jes\u00fas \u00c1valos Plata al lugar, con el fin de exhortar a la juventud a cumplir con sus obligaciones c\u00edvicas y ciudadanas.<\/p>\n<p>Con la presencia del Director de Gobierno Municipal, Iv\u00e1n Barrales Alcantara, \u00c1valos Plata saludo a los j\u00f3venes presentes, y los felicit\u00f3 por cumplir cabalmente con sus obligaciones como adultos, al tiempo que recorri\u00f3 las instalaciones de la Junta Municipal de Reclutamiento para asegurarse de que los empleados cuenten con las herramientas necesarias para ofrecer este importante servicio al sector juvenil.<\/p>\n<p>Por su parte Arturo Nateras Espinoza, encargado de esta \u00e1rea municipal, inform\u00f3 que a partir del pasado 15 de enero, d\u00eda en que se abri\u00f3 el plazo de registros para el tr\u00e1mite de Cartilla no Liberada, se han registrado alrededor de 3 mil 200 j\u00f3venes morelianos, esperando que para el d\u00eda del cierre el pr\u00f3ximo 14 de octubre se alcancen los 4 mil ciudadanos.<\/p>\n<p>Asimismo, pidi\u00f3 a todos aquellos j\u00f3venes que hayan entregado sus documentos antes del 20 de Septiembre, a recoger su Cartilla no Liberada a las instalaciones de la Junta ubicadas en la avenida Ireticateme no 71-B de la colonia F\u00e9lix Ireta en horario de 9:00 a 14:30 horas.<\/p>\n<p>Agreg\u00f3 que el d\u00eda del plazo final, se extender\u00e1 el horario de trabajo hasta que el \u00faltimo interesado sea registrado con el objetivo de evitar dejar j\u00f3venes sin el importante documento oficial.<\/p>\n<p>Por \u00faltimo, record\u00f3 a los j\u00f3venes de 18 o m\u00e1s a\u00f1os, que luego de la realizar el registro y entrega de documentos personales, la Junta Municipal de Reclutamiento les hace entrega de su Cartilla, la cual deben liberar en las instalaciones de la XXI Zona Militar, misma que realiza este proceso a lo largo de aproximadamente un a\u00f1o.<\/p>\n","protected":false},"excerpt":{"rendered":"<p>Sera este 14 de octubre el cierre de registros para realizar el Tr\u00e1mite de la Cartilla Militar para los j\u00f3venes clase 1998 o remisos, as\u00ed lo inform\u00f3 el Jefe de Departamento de la Junta Municipal de Reclutamiento, Arturo Nateras Espinoza<\/p>\n","protected":false},"author":1,"featured_media":26341,"comment_status":"open","ping_status":"open","sticky":false,"template":"","format":"standard","meta":{"footnotes":""},"categories":[14,9],"tags":[],"class_list":["post-26339","post","type-post","status-publish","format-standard","has-post-thumbnail","hentry","category-destacadas","category-morelia"],"_links":{"self":[{"href":"https:\/\/radiowebmx.com\/nota\/wp-json\/wp\/v2\/posts\/26339","targetHints":{"allow":["GET"]}}],"collection":[{"href":"https:\/\/radiowebmx.com\/nota\/wp-json\/wp\/v2\/posts"}],"about":[{"href":"https:\/\/radiowebmx.com\/nota\/wp-json\/wp\/v2\/types\/post"}],"author":[{"embeddable":true,"href":"https:\/\/radiowebmx.com\/nota\/wp-json\/wp\/v2\/users\/1"}],"replies":[{"embeddable":true,"href":"https:\/\/radiowebmx.com\/nota\/wp-json\/wp\/v2\/comments?post=26339"}],"version-history":[{"count":1,"href":"https:\/\/radiowebmx.com\/nota\/wp-json\/wp\/v2\/posts\/26339\/revisions"}],"predecessor-version":[{"id":26342,"href":"https:\/\/radiowebmx.com\/nota\/wp-json\/wp\/v2\/posts\/26339\/revisions\/26342"}],"wp:featuredmedia":[{"embeddable":true,"href":"https:\/\/radiowebmx.com\/nota\/wp-json\/wp\/v2\/media\/26341"}],"wp:attachment":[{"href":"https:\/\/radiowebmx.com\/nota\/wp-json\/wp\/v2\/media?parent=26339"}],"wp:term":[{"taxonomy":"category","embeddable":true,"href":"https:\/\/radiowebmx.com\/nota\/wp-json\/wp\/v2\/categories?post=26339"},{"taxonomy":"post_tag","embeddable":true,"href":"https:\/\/radiowebmx.com\/nota\/wp-json\/wp\/v2\/tags?post=26339"}],"curies":[{"name":"wp","href":"https:\/\/api.w.org\/{rel}","templated":true}]}}