{"id":26336,"date":"2016-10-03T13:03:26","date_gmt":"2016-10-03T18:03:26","guid":{"rendered":"https:\/\/radiowebmx.com\/nota\/?p=26336"},"modified":"2016-10-03T13:03:26","modified_gmt":"2016-10-03T18:03:26","slug":"cadi-dr-miguel-arriola-celebra-56-aniversario","status":"publish","type":"post","link":"https:\/\/radiowebmx.com\/nota\/cadi-dr-miguel-arriola-celebra-56-aniversario\/","title":{"rendered":"CADI \u201cDr. Miguel Arriola\u201d celebra 56 Aniversario"},"content":{"rendered":"<p>Morelia, Michoac\u00e1n, a 03 de octubre de 2016.- El Centro de Atenci\u00f3n para el Desarrollo Infantil (CADI) \u201cDr. Miguel Arriola\u201d, adscrito al Sistema para el Desarrollo Integral de la Familia (DIF) Michoac\u00e1n, celebr\u00f3 el 56 Aniversario de su fundaci\u00f3n, donde se proporciona el  servicio de lactantes, maternal y preescolar, a ni\u00f1os desde los 45 d\u00edas de nacidos a 6 a\u00f1os.<\/p>\n<p>En representaci\u00f3n de Roc\u00edo Beamonte Romero, directora General del Sistema DIF Estatal, Karla Patricia Frausto V\u00e1zquez, directora de Asistencia e Integraci\u00f3n Social, agradeci\u00f3 a los padres de familia la confianza depositada para el cuidado de sus peque\u00f1os: \u201cSabemos que lo m\u00e1s valioso que tienen son sus peque\u00f1os y tengan la seguridad que se les brinda atenci\u00f3n de calidad, adem\u00e1s de que cuentan con una educaci\u00f3n integral y se fortalece su sano desarrollo\u201d.<\/p>\n<p>Miroslava del R\u00edo Navarrete, directora del CADI \u201cDr. Miguel Arriola\u201d refiri\u00f3 que actualmente la instituci\u00f3n tiene 10 salas, una de lactantes, tres de maternal y seis de preescolar, asimismo se\u00f1al\u00f3 que se tiene una planta laboral de 67 trabajadores y se brinda atenci\u00f3n a un total de 207 peque\u00f1os de los 45 d\u00edas de nacidos a los 6 a\u00f1os.<\/p>\n<p>En este sentido, Miroslava del R\u00edo expres\u00f3 que: \u201cD\u00eda a d\u00eda y con el esfuerzo que ponemos se ha logrado esta gran trayectoria de 56 a\u00f1os llenos de an\u00e9cdotas, de historias, de generaciones y de personas que han dejado una marca en nuestro centro y en nuestro coraz\u00f3n\u201d; por tal motivo se entreg\u00f3 reconocimiento a trabajadores que cuentan con m\u00e1s de 18 a\u00f1os de servicio en el CADI.<\/p>\n<p>Con el cl\u00e1sico torito de petate, bailables y la representaci\u00f3n de la vida de Jos\u00e9 Ma. Morelos y Pav\u00f3n por los peque\u00f1itos, se festej\u00f3 la fundaci\u00f3n de la instancia educativa la cual tiene como firme prop\u00f3sito brindar atenci\u00f3n integral a ni\u00f1os y ni\u00f1as, hijos de madres trabajadoras, en los cuales se prioriza el desarrollo educativo de los menores michoacanos con el objetivo de que los infantes se desarrollen en espacios seguros y adecuados para lograr su pleno crecimiento.<\/p>\n<p>Acto seguido las autoridades presentes inauguraron la biblioteca escolar denominada \u201cCocorico\u201d, nombre propuesto por alumnos del CADI.<\/p>\n<p>En el evento estuvieron presentes LuisEnrique Ramos Ceballos, subdirector de Servicios Asistenciales del DIF Estatal; Ma. de la Salud Gil L\u00f3pez, Supervisora de la Zona Escolar 02 y Erick Mart\u00ednez V\u00e1zquez, presidente de la Asociaci\u00f3n de Padres de Familia del CADI.<\/p>\n","protected":false},"excerpt":{"rendered":"<p>El Centro de Atenci\u00f3n para el Desarrollo Infantil (CADI) \u201cDr. Miguel Arriola\u201d, adscrito al Sistema para el Desarrollo Integral de la Familia (DIF) Michoac\u00e1n, celebr\u00f3 el 56 Aniversario de su fundaci\u00f3n, donde se proporciona el  servicio de lactantes, maternal y preescolar, a ni\u00f1os desde los 45 d\u00edas de nacidos a 6 a\u00f1os.<\/p>\n","protected":false},"author":1,"featured_media":26337,"comment_status":"open","ping_status":"open","sticky":false,"template":"","format":"standard","meta":{"footnotes":""},"categories":[14,3],"tags":[],"class_list":["post-26336","post","type-post","status-publish","format-standard","has-post-thumbnail","hentry","category-destacadas","category-gobierno-del-estado-de-michoacan"],"_links":{"self":[{"href":"https:\/\/radiowebmx.com\/nota\/wp-json\/wp\/v2\/posts\/26336","targetHints":{"allow":["GET"]}}],"collection":[{"href":"https:\/\/radiowebmx.com\/nota\/wp-json\/wp\/v2\/posts"}],"about":[{"href":"https:\/\/radiowebmx.com\/nota\/wp-json\/wp\/v2\/types\/post"}],"author":[{"embeddable":true,"href":"https:\/\/radiowebmx.com\/nota\/wp-json\/wp\/v2\/users\/1"}],"replies":[{"embeddable":true,"href":"https:\/\/radiowebmx.com\/nota\/wp-json\/wp\/v2\/comments?post=26336"}],"version-history":[{"count":1,"href":"https:\/\/radiowebmx.com\/nota\/wp-json\/wp\/v2\/posts\/26336\/revisions"}],"predecessor-version":[{"id":26338,"href":"https:\/\/radiowebmx.com\/nota\/wp-json\/wp\/v2\/posts\/26336\/revisions\/26338"}],"wp:featuredmedia":[{"embeddable":true,"href":"https:\/\/radiowebmx.com\/nota\/wp-json\/wp\/v2\/media\/26337"}],"wp:attachment":[{"href":"https:\/\/radiowebmx.com\/nota\/wp-json\/wp\/v2\/media?parent=26336"}],"wp:term":[{"taxonomy":"category","embeddable":true,"href":"https:\/\/radiowebmx.com\/nota\/wp-json\/wp\/v2\/categories?post=26336"},{"taxonomy":"post_tag","embeddable":true,"href":"https:\/\/radiowebmx.com\/nota\/wp-json\/wp\/v2\/tags?post=26336"}],"curies":[{"name":"wp","href":"https:\/\/api.w.org\/{rel}","templated":true}]}}