{"id":26324,"date":"2016-10-03T12:45:48","date_gmt":"2016-10-03T17:45:48","guid":{"rendered":"https:\/\/radiowebmx.com\/nota\/?p=26324"},"modified":"2016-10-03T12:45:48","modified_gmt":"2016-10-03T17:45:48","slug":"participaron-mil-800-personas-en-carrera-contra-el-cancer-de-mama","status":"publish","type":"post","link":"https:\/\/radiowebmx.com\/nota\/participaron-mil-800-personas-en-carrera-contra-el-cancer-de-mama\/","title":{"rendered":"Participaron mil 800 personas en carrera contra el c\u00e1ncer de mama"},"content":{"rendered":"<p>El c\u00e1ncer de mama es uno de los peores enemigos de las mujeres y, por eso, es muy importante la concientizaci\u00f3n social acerca de la importancia de prevenir este mal que cuesta la vida a miles de personas, asegur\u00f3 la diputada Adriana Hern\u00e1ndez \u00cd\u00f1iguez, previo al arranque de la \u201cCarrera Rosa, Unidos Contra el C\u00e1ncer de Mama\u201d celebrada en Apatzing\u00e1n, con las participaci\u00f3n de m\u00e1s de mil 800 personas.<\/p>\n<p>Acompa\u00f1ada por el diputado local del distrito Sergio Ochoa V\u00e1zquez, el delegado del IMSS en Michoac\u00e1n Rom\u00e1n Acosta Rosales, el presidente municipal C\u00e9sar Ch\u00e1vez Garibay, la presidente del DIF Municipal Lizbeth Arcelia Gu\u00edzar Sandoval, el encargado de la delegaci\u00f3n de Gobernaci\u00f3n en el estado Ren\u00e9 Gardu\u00f1o y funcionarios del ayuntamiento local, la legisladora dio el banderazo de salida a quienes mostraron su entusiasmo por colaborar en una causa tan noble como la prevenci\u00f3n del c\u00e1ncer. Hombres, Mujeres y ni\u00f1os se dieron cita desde temprana hora frente a la sede edilicia donde se instal\u00f3 la salida.<\/p>\n<p>Durante el recorrido de tres kil\u00f3metros sobre la avenida Constituci\u00f3n de 1814, familias completas participaron corriendo, trotando o caminando, todos con el objetivo de unificarse en la promoci\u00f3n contra el c\u00e1ncer de mama, actividad en la que tambi\u00e9n participaron los legisladores y dem\u00e1s funcionarios.<\/p>\n<p>\u201cLa detecci\u00f3n temprana del c\u00e1ncer de mama sigue siendo el punto m\u00e1s importante de la lucha contra esta enfermedad, ya que cuando se detecta en una etapa temprana, las posibilidades de curaci\u00f3n son elevadas\u201d, enfatiz\u00f3 la coordinadora del Grupo Parlamentario del PRI y presidente de la Junta de Coordinaci\u00f3n Pol\u00edtica en el Congreso del Estado.<\/p>\n<p>Adriana Hern\u00e1ndez reconoci\u00f3 el apoyo brindado por el Gobierno Federal a trav\u00e9s de las delegaciones del IMSS, LICONSA, SCT y SEGOB, as\u00ed como de Coca \u2013 Cola FEMSA, para lograr estas actividades que tambi\u00e9n tienen por objetivo el de fomentar la unidad familiar y destac\u00f3 la participaci\u00f3n en esta ocasi\u00f3n, de los funcionarios del Ayuntamiento local encabezados por su presidente, adem\u00e1s de un importante n\u00famero de voluntarios.<\/p>\n<p>Cabe destacar que se instal\u00f3 un m\u00f3dulo de salud del IMSS, donde se realizaron chequeos gratuitos, aplicaci\u00f3n de vacunas y asesor\u00edas sobre las prestaciones que ofrece el Instituto. El pr\u00f3ximo 9 de octubre se realizar\u00e1 la carrera en La Piedad el d\u00eda 16 en Zinap\u00e9cuaro; el 23 en Jacona y el 30 en Puru\u00e1ndiro.<\/p>\n<p>Los primeros en cruzar la meta fueron: Axel Trinidad Madrigal, Gustavo \u00c1ngel Mendoza Guti\u00e9rrez, Marco Nava Nava, Audelio Yovani Ch\u00e1vez Campos, Orlando Zamora Rodr\u00edguez, Jason Matay Osorio Calder\u00f3n, Ana Valeria Cerna Palominos, Am\u00e9rica Azucena Ortega Aguilar, Ang\u00e9lica Mar\u00eda Palominos Esquivel y Ricardo Campos Arreola, en ese orden.<\/p>\n","protected":false},"excerpt":{"rendered":"<p>El c\u00e1ncer de mama es uno de los peores enemigos de las mujeres y, por eso, es muy importante la concientizaci\u00f3n social acerca de la importancia de prevenir este mal que cuesta la vida a miles de personas, asegur\u00f3 la diputada Adriana Hern\u00e1ndez \u00cd\u00f1iguez, previo al arranque de la \u201cCarrera Rosa, Unidos Contra el C\u00e1ncer de Mama\u201d <\/p>\n","protected":false},"author":1,"featured_media":26325,"comment_status":"open","ping_status":"open","sticky":false,"template":"","format":"standard","meta":{"footnotes":""},"categories":[6,14],"tags":[],"class_list":["post-26324","post","type-post","status-publish","format-standard","has-post-thumbnail","hentry","category-congreso-del-estado","category-destacadas"],"_links":{"self":[{"href":"https:\/\/radiowebmx.com\/nota\/wp-json\/wp\/v2\/posts\/26324","targetHints":{"allow":["GET"]}}],"collection":[{"href":"https:\/\/radiowebmx.com\/nota\/wp-json\/wp\/v2\/posts"}],"about":[{"href":"https:\/\/radiowebmx.com\/nota\/wp-json\/wp\/v2\/types\/post"}],"author":[{"embeddable":true,"href":"https:\/\/radiowebmx.com\/nota\/wp-json\/wp\/v2\/users\/1"}],"replies":[{"embeddable":true,"href":"https:\/\/radiowebmx.com\/nota\/wp-json\/wp\/v2\/comments?post=26324"}],"version-history":[{"count":1,"href":"https:\/\/radiowebmx.com\/nota\/wp-json\/wp\/v2\/posts\/26324\/revisions"}],"predecessor-version":[{"id":26326,"href":"https:\/\/radiowebmx.com\/nota\/wp-json\/wp\/v2\/posts\/26324\/revisions\/26326"}],"wp:featuredmedia":[{"embeddable":true,"href":"https:\/\/radiowebmx.com\/nota\/wp-json\/wp\/v2\/media\/26325"}],"wp:attachment":[{"href":"https:\/\/radiowebmx.com\/nota\/wp-json\/wp\/v2\/media?parent=26324"}],"wp:term":[{"taxonomy":"category","embeddable":true,"href":"https:\/\/radiowebmx.com\/nota\/wp-json\/wp\/v2\/categories?post=26324"},{"taxonomy":"post_tag","embeddable":true,"href":"https:\/\/radiowebmx.com\/nota\/wp-json\/wp\/v2\/tags?post=26324"}],"curies":[{"name":"wp","href":"https:\/\/api.w.org\/{rel}","templated":true}]}}