{"id":26316,"date":"2016-10-03T12:17:45","date_gmt":"2016-10-03T17:17:45","guid":{"rendered":"https:\/\/radiowebmx.com\/nota\/?p=26316"},"modified":"2016-10-03T12:17:45","modified_gmt":"2016-10-03T17:17:45","slug":"edificios-y-monumentos-de-morelia-se-iluminan-de-rosa","status":"publish","type":"post","link":"https:\/\/radiowebmx.com\/nota\/edificios-y-monumentos-de-morelia-se-iluminan-de-rosa\/","title":{"rendered":"Edificios y monumentos de Morelia se iluminan de rosa"},"content":{"rendered":"<p>Monumentos emblem\u00e1ticos en la ciudad de Morelia, son iluminados de rosa desde el 01 de octubre, y durante todo el mes, esto en el marco del D\u00eda mundial de la lucha contra el C\u00e1ncer, donde se integra el Ayuntamiento de Morelia mediante la campa\u00f1a \u201cHoy Toca por Ti\u201d.<\/p>\n<p>La capital moreliana se suma a esa iniciativa, por instrucciones del Alcalde, Alfonso Mart\u00ednez Alc\u00e1zar, mediante el Instituto de Desarrollo Integral de la Familia (DIF), para crear conciencia en el sector sobre la prevenci\u00f3n y la detecci\u00f3n oportuna de esa enfermedad.<\/p>\n<p>Acatando la instrucci\u00f3n del Alcalde, la Secretar\u00eda de Servicios P\u00fablicos, a trav\u00e9s de la Direcci\u00f3n de Alumbrado Sustentable, ilumino de rosa la Catedral, las Tarascas,  Palacio Municipal, El Obelisco a Lazaro Cardenas, las instalaciones del DIF  Municipal, Las Estelas de la Constituci\u00f3n as\u00ed como el pasillo de la Ludoteca p\u00fablica.<\/p>\n<p>Luego del encendido de estos monumentos emblem\u00e1ticos, Jos\u00e9 Luis Gil V\u00e1zquez, Secretario de Servicios P\u00fablicos, manifest\u00f3 que esta Administraci\u00f3n, se solidariza con todas las acciones para promover la autoexploraci\u00f3n y recordar la batalla incansable que miles de mujeres libran d\u00eda a d\u00eda contra el C\u00e1ncer de Mama.<\/p>\n<p>Por ello, en este mes de octubre, en que se conmemora el D\u00eda Internacional de Lucha contra el C\u00e1ncer de Mama, se pretende que las mujeres morelianas prevengan este problema de salud realiz\u00e1ndose peri\u00f3dicamente una revisi\u00f3n.<\/p>\n<p>Gil V\u00e1zquez, explic\u00f3 que el trabajo de iluminar de rosa los monumentos emblem\u00e1ticos, es el efecto de luz que se realiza sobre la instalaci\u00f3n el\u00e9ctrica que ya existe, s\u00f3lo se le da un tratamiento especial a los focos y posteriormente se retira y regresa a su iluminaci\u00f3n normal.<\/p>\n","protected":false},"excerpt":{"rendered":"<p>Monumentos emblem\u00e1ticos en la ciudad de Morelia, son iluminados de rosa desde el 01 de octubre, y durante todo el mes, esto en el marco del D\u00eda mundial de la lucha contra el C\u00e1ncer, donde se integra el Ayuntamiento de Morelia mediante la campa\u00f1a \u201cHoy Toca por Ti\u201d.<\/p>\n","protected":false},"author":1,"featured_media":26317,"comment_status":"open","ping_status":"open","sticky":false,"template":"","format":"standard","meta":{"footnotes":""},"categories":[14,3],"tags":[],"class_list":["post-26316","post","type-post","status-publish","format-standard","has-post-thumbnail","hentry","category-destacadas","category-gobierno-del-estado-de-michoacan"],"_links":{"self":[{"href":"https:\/\/radiowebmx.com\/nota\/wp-json\/wp\/v2\/posts\/26316","targetHints":{"allow":["GET"]}}],"collection":[{"href":"https:\/\/radiowebmx.com\/nota\/wp-json\/wp\/v2\/posts"}],"about":[{"href":"https:\/\/radiowebmx.com\/nota\/wp-json\/wp\/v2\/types\/post"}],"author":[{"embeddable":true,"href":"https:\/\/radiowebmx.com\/nota\/wp-json\/wp\/v2\/users\/1"}],"replies":[{"embeddable":true,"href":"https:\/\/radiowebmx.com\/nota\/wp-json\/wp\/v2\/comments?post=26316"}],"version-history":[{"count":1,"href":"https:\/\/radiowebmx.com\/nota\/wp-json\/wp\/v2\/posts\/26316\/revisions"}],"predecessor-version":[{"id":26318,"href":"https:\/\/radiowebmx.com\/nota\/wp-json\/wp\/v2\/posts\/26316\/revisions\/26318"}],"wp:featuredmedia":[{"embeddable":true,"href":"https:\/\/radiowebmx.com\/nota\/wp-json\/wp\/v2\/media\/26317"}],"wp:attachment":[{"href":"https:\/\/radiowebmx.com\/nota\/wp-json\/wp\/v2\/media?parent=26316"}],"wp:term":[{"taxonomy":"category","embeddable":true,"href":"https:\/\/radiowebmx.com\/nota\/wp-json\/wp\/v2\/categories?post=26316"},{"taxonomy":"post_tag","embeddable":true,"href":"https:\/\/radiowebmx.com\/nota\/wp-json\/wp\/v2\/tags?post=26316"}],"curies":[{"name":"wp","href":"https:\/\/api.w.org\/{rel}","templated":true}]}}