{"id":26307,"date":"2016-10-03T12:06:54","date_gmt":"2016-10-03T17:06:54","guid":{"rendered":"https:\/\/radiowebmx.com\/nota\/?p=26307"},"modified":"2016-10-03T12:06:54","modified_gmt":"2016-10-03T17:06:54","slug":"gobierno-municipal-repara-semaforos-danados-tras-intensas-lluvias","status":"publish","type":"post","link":"https:\/\/radiowebmx.com\/nota\/gobierno-municipal-repara-semaforos-danados-tras-intensas-lluvias\/","title":{"rendered":"Gobierno Municipal repara sem\u00e1foros da\u00f1ados tras intensas lluvias"},"content":{"rendered":"<p>Luego de las lluvias que se registraron la noche del domingo y la madrugada de este lunes en diversos puntos de la ciudad, la Secretar\u00eda de Desarrollo Metropolitano e Infraestructura trabaja para restablecer el servicio de sem\u00e1foros, ya que algunos resultaron da\u00f1ados por las descargas el\u00e9ctricas.<\/p>\n<p>Fernando Quiroz Sandoval, Jefe del Departamento de Proyectos de Movilidad, coment\u00f3 que hasta las 9:30 horas se tienen registradas fallas en los sem\u00e1foros ubicados en los cruces de Avenida Madero y Pedregal; Av. Morelos y Quinceo; y Lago de P\u00e1tzcuaro y Vicente Santa Mar\u00eda.<\/p>\n<p>El funcionario municipal Inform\u00f3 que las aver\u00edas fueron provocadas por las descargas el\u00e9ctricas registradas durante las lluvias, las cuales da\u00f1aron el mecanismo interno de los sem\u00e1foros.<\/p>\n<p>\u201cCualquier sistema el\u00e9ctrico es propenso a sufrir fallas si se encuentra a la intemperie, como ocurre con estos mecanismos que adem\u00e1s est\u00e1n expuestos a la humedad y otras cuestiones externas\u201d, detall\u00f3.<\/p>\n<p>Coment\u00f3 que desde temprana hora, se trabaja para corregir las afectaciones reportadas y restablecer lo m\u00e1s pronto posible el servicio, ya que es una prioridad de la actual Administraci\u00f3n ofrecer las condiciones necesarias de movilidad en el municipio.<\/p>\n","protected":false},"excerpt":{"rendered":"<p>Luego de las lluvias que se registraron la noche del domingo y la madrugada de este lunes en diversos puntos de la ciudad, la Secretar\u00eda de Desarrollo Metropolitano e Infraestructura trabaja para restablecer el servicio de sem\u00e1foros, ya que algunos resultaron da\u00f1ados por las descargas el\u00e9ctricas.<\/p>\n","protected":false},"author":1,"featured_media":26308,"comment_status":"open","ping_status":"open","sticky":false,"template":"","format":"standard","meta":{"footnotes":""},"categories":[14,9],"tags":[],"class_list":["post-26307","post","type-post","status-publish","format-standard","has-post-thumbnail","hentry","category-destacadas","category-morelia"],"_links":{"self":[{"href":"https:\/\/radiowebmx.com\/nota\/wp-json\/wp\/v2\/posts\/26307","targetHints":{"allow":["GET"]}}],"collection":[{"href":"https:\/\/radiowebmx.com\/nota\/wp-json\/wp\/v2\/posts"}],"about":[{"href":"https:\/\/radiowebmx.com\/nota\/wp-json\/wp\/v2\/types\/post"}],"author":[{"embeddable":true,"href":"https:\/\/radiowebmx.com\/nota\/wp-json\/wp\/v2\/users\/1"}],"replies":[{"embeddable":true,"href":"https:\/\/radiowebmx.com\/nota\/wp-json\/wp\/v2\/comments?post=26307"}],"version-history":[{"count":1,"href":"https:\/\/radiowebmx.com\/nota\/wp-json\/wp\/v2\/posts\/26307\/revisions"}],"predecessor-version":[{"id":26309,"href":"https:\/\/radiowebmx.com\/nota\/wp-json\/wp\/v2\/posts\/26307\/revisions\/26309"}],"wp:featuredmedia":[{"embeddable":true,"href":"https:\/\/radiowebmx.com\/nota\/wp-json\/wp\/v2\/media\/26308"}],"wp:attachment":[{"href":"https:\/\/radiowebmx.com\/nota\/wp-json\/wp\/v2\/media?parent=26307"}],"wp:term":[{"taxonomy":"category","embeddable":true,"href":"https:\/\/radiowebmx.com\/nota\/wp-json\/wp\/v2\/categories?post=26307"},{"taxonomy":"post_tag","embeddable":true,"href":"https:\/\/radiowebmx.com\/nota\/wp-json\/wp\/v2\/tags?post=26307"}],"curies":[{"name":"wp","href":"https:\/\/api.w.org\/{rel}","templated":true}]}}