{"id":26297,"date":"2016-09-29T15:05:33","date_gmt":"2016-09-29T20:05:33","guid":{"rendered":"https:\/\/radiowebmx.com\/nota\/?p=26297"},"modified":"2016-09-29T15:05:33","modified_gmt":"2016-09-29T20:05:33","slug":"congreso-exhorto-al-ejecutivo-para-que-convoque-a-un-acuerdo-por-la-seguridad","status":"publish","type":"post","link":"https:\/\/radiowebmx.com\/nota\/congreso-exhorto-al-ejecutivo-para-que-convoque-a-un-acuerdo-por-la-seguridad\/","title":{"rendered":"Congreso exhort\u00f3 al Ejecutivo para que convoque a un acuerdo por la seguridad"},"content":{"rendered":"<p>Morelia; Michoac\u00e1n, 29 de septiembre del 2016.-  A fin de terminar con el problema de violencia e inseguridad en la entidad, el Congreso del Estado exhort\u00f3 a los tres \u00f3rdenes de gobierno a efecto que se convoque a un acuerdo por la seguridad de Michoac\u00e1n donde se establezcan plazos, fechas, acciones y responsables a efecto de definir un plan estrat\u00e9gico en la materia  para el estado, as\u00ed como se implementen de manera inmediata los Protocolos establecidos, se generen nuevas estrategias y acciones en materia de seguridad p\u00fablica.<\/p>\n<p>La propuesta original fue presentada por la diputada por el distrito XXIV Elo\u00edsa Berber Zerme\u00f1o con cabecera en L\u00e1zaro C\u00e1rdenas, Elo\u00edsa Berber Zerme\u00f1o se\u00f1ala que actualmente Michoac\u00e1n carece de paz p\u00fablica, lo que siembra desconfianza de transitar en las calles o acudir a lugares p\u00fablicos.<\/p>\n<p>El Pleno del Congreso coincidi\u00f3 que la seguridad en Michoac\u00e1n es un tema que no puede esperar, por lo que luego del an\u00e1lisis y discusi\u00f3n de la propuesta realizada por la parlamentaria, se acord\u00f3 realizar un exhorto a los tres \u00f3rdenes de gobierno para que en conjunto se defina el plan estrat\u00e9gico que ayude a disminuir los \u00edndices de inseguridad en el estado. <\/p>\n<p>Asimismo, con cifras del Sistema Nacional de Seguridad P\u00fablica (SNSP), se argument\u00f3 que de enero a julio de este a\u00f1os los delitos violentos incrementaron en comparaci\u00f3n con el mismo periodo del 2015; los homicidios dolosos crecieron en 68.65 por ciento-, los homicidios por arma de fuego aumentaron un 164.91 por ciento y por arma blanca acrecentaron el 46.15 por ciento sobre la cifra del a\u00f1o pasado. Siendo los municipios de Morelia, L\u00e1zaro C\u00e1rdenas, Zamora, Apatzing\u00e1n, Jacona, Jiquilpan, Sahuayo, Tanganc\u00edcuaro y Zit\u00e1cuaro, los de mayor n\u00famero de casos registrados.<\/p>\n<p>La legisladora Elo\u00edsa Berber al hacer uso de la m\u00e1xima tribuna del estado puntualiz\u00f3 que de forma lamentable L\u00e1zaro C\u00e1rdenas, en Michoac\u00e1n es uno de los principales puertos del pa\u00eds, por su importante y consolidada actividad portuaria, industrial y por su creciente actividad comercial, que permite establecerse a las cadenas de transporte mar\u00edtimo m\u00e1s modernas, por lo que ha sido el principal objetivo para los grupos delictivos.<\/p>\n<p>Destac\u00f3 que la inseguridad no es algo que solamente afecte a miembros de alguna clase social, religi\u00f3n o sexo; sino afecta a todos por igual por el simple hecho de vivir en Michoac\u00e1n; lo m\u00e1s grave de este violento contexto social es el hecho de que se est\u00e1 generando una cultura de violencia en la sociedad, pero sobre todo en la ni\u00f1ez, quienes basan sus juegos en asaltos, secuestros y ejecuciones; por ello, la importancia de realizar acciones inmediatas que brinden la seguridad que los michoacanos requieren.<\/p>\n","protected":false},"excerpt":{"rendered":"<p>A fin de terminar con el problema de violencia e inseguridad en la entidad, el Congreso del Estado exhort\u00f3 a los tres \u00f3rdenes de gobierno a efecto que se convoque a un acuerdo por la seguridad de Michoac\u00e1n donde se establezcan plazos, fechas, acciones y responsables a efecto de definir un plan estrat\u00e9gico en la materia  para el estado<\/p>\n","protected":false},"author":1,"featured_media":26298,"comment_status":"open","ping_status":"open","sticky":false,"template":"","format":"standard","meta":{"footnotes":""},"categories":[6,14,7],"tags":[],"class_list":["post-26297","post","type-post","status-publish","format-standard","has-post-thumbnail","hentry","category-congreso-del-estado","category-destacadas","category-grupo-parlamentario-del-pri"],"_links":{"self":[{"href":"https:\/\/radiowebmx.com\/nota\/wp-json\/wp\/v2\/posts\/26297","targetHints":{"allow":["GET"]}}],"collection":[{"href":"https:\/\/radiowebmx.com\/nota\/wp-json\/wp\/v2\/posts"}],"about":[{"href":"https:\/\/radiowebmx.com\/nota\/wp-json\/wp\/v2\/types\/post"}],"author":[{"embeddable":true,"href":"https:\/\/radiowebmx.com\/nota\/wp-json\/wp\/v2\/users\/1"}],"replies":[{"embeddable":true,"href":"https:\/\/radiowebmx.com\/nota\/wp-json\/wp\/v2\/comments?post=26297"}],"version-history":[{"count":1,"href":"https:\/\/radiowebmx.com\/nota\/wp-json\/wp\/v2\/posts\/26297\/revisions"}],"predecessor-version":[{"id":26299,"href":"https:\/\/radiowebmx.com\/nota\/wp-json\/wp\/v2\/posts\/26297\/revisions\/26299"}],"wp:featuredmedia":[{"embeddable":true,"href":"https:\/\/radiowebmx.com\/nota\/wp-json\/wp\/v2\/media\/26298"}],"wp:attachment":[{"href":"https:\/\/radiowebmx.com\/nota\/wp-json\/wp\/v2\/media?parent=26297"}],"wp:term":[{"taxonomy":"category","embeddable":true,"href":"https:\/\/radiowebmx.com\/nota\/wp-json\/wp\/v2\/categories?post=26297"},{"taxonomy":"post_tag","embeddable":true,"href":"https:\/\/radiowebmx.com\/nota\/wp-json\/wp\/v2\/tags?post=26297"}],"curies":[{"name":"wp","href":"https:\/\/api.w.org\/{rel}","templated":true}]}}