{"id":26264,"date":"2016-09-29T11:10:45","date_gmt":"2016-09-29T16:10:45","guid":{"rendered":"https:\/\/radiowebmx.com\/nota\/?p=26264"},"modified":"2016-09-29T11:10:45","modified_gmt":"2016-09-29T16:10:45","slug":"alfonso-martinez-atiende-de-manera-directa-a-vecinos-de-la-colonia-obrera","status":"publish","type":"post","link":"https:\/\/radiowebmx.com\/nota\/alfonso-martinez-atiende-de-manera-directa-a-vecinos-de-la-colonia-obrera\/","title":{"rendered":"Alfonso Mart\u00ednez atiende de manera directa a vecinos de la Colonia Obrera"},"content":{"rendered":"<p>&#8220;En este Gobierno Municipal venimos a enfrentar los problemas particulares de cada colonia y a solucionarlos junto con ustedes&#8221;, afirm\u00f3 el Alcalde, Alfonso Mart\u00ednez Alc\u00e1zar, durante su intervenci\u00f3n en el Programa Presidente en tu Colonia, que en esta ocasi\u00f3n se llev\u00f3 a cabo en la Obrera.<\/p>\n<p>Ante decenas de vecinos que se dieron cita en la calle Gertrudis S\u00e1nchez, el Jefe de la Comuna Moreliana refiri\u00f3 que tal como lo comprometi\u00f3 en campa\u00f1a, est\u00e1 regresando a cada uno de los rincones del municipio para escucharlos y atender las necesidades de la ciudadan\u00eda, pero en este caso en compa\u00f1\u00eda de Regidores y el Gabinete Municipal.<\/p>\n<p>Con la presencia del Secretario del Ayuntamiento, Jes\u00fas \u00c1valos Plata, as\u00ed como la encargada del orden de dicha demarcaci\u00f3n, Sonia Cruz Venegas, subray\u00f3 que la colonia Obrera es una de las m\u00e1s antiguas de la capital michoacana y cuyas vialidades datan de hace cinco d\u00e9cadas, de ah\u00ed, que est\u00e1 sea una de las zonas contempladas dentro del Programa de Mejoramiento Vial.<\/p>\n<p>Tras realizar entablar un di\u00e1logo respetuoso con los vecinos de la calle Manuel Buend\u00eda, donde verific\u00f3 la tarde de este mi\u00e9rcoles la reactivaci\u00f3n de los trabajos de reencarpetamiento en esta arteria vial, reafirm\u00f3 el compromiso de del Gobierno Municipal de ofrecer obras de calidad que permitan a la ciudadan\u00eda desarrollar sus tareas diarias.<\/p>\n<p>En este escenario, indic\u00f3 que si bien los inconvenientes del municipio son muchos, &#8220;si hay voluntad, buena Administraci\u00f3n y buena comunicaci\u00f3n con la poblaci\u00f3n, se podr\u00e1 avanzar m\u00e1s r\u00e1pido en la soluci\u00f3n de las inquietudes ciudadanas\u201d.<\/p>\n<p>Asimismo, Mart\u00ednez Alc\u00e1zar asegur\u00f3 que a trav\u00e9s de Presidente en tu Colonia se busca dar respuestas puntuales de la mano de la ciudadan\u00eda.<\/p>\n<p>En su oportunidad, la encargada del Orden de la Colonia Obrera, reconoci\u00f3 y agradeci\u00f3 al Alcalde su disposici\u00f3n de atender de manera personal a los habitantes de esta demarcaci\u00f3n, &#8220;s\u00e9 que usted es un hombre de compromisos y tal como lo demostr\u00f3, nuevamente regresar\u00e1 a continuar dando respuesta a nuestras necesidades&#8221;, indic\u00f3.<\/p>\n","protected":false},"excerpt":{"rendered":"<p>&#8220;En este Gobierno Municipal venimos a enfrentar los problemas particulares de cada colonia y a solucionarlos junto con ustedes&#8221;, afirm\u00f3 el Alcalde, Alfonso Mart\u00ednez Alc\u00e1zar, durante su intervenci\u00f3n en el Programa Presidente en tu Colonia, que en esta ocasi\u00f3n se llev\u00f3 a cabo en la Obrera.<\/p>\n","protected":false},"author":1,"featured_media":26265,"comment_status":"open","ping_status":"open","sticky":false,"template":"","format":"standard","meta":{"footnotes":""},"categories":[14,9],"tags":[],"class_list":["post-26264","post","type-post","status-publish","format-standard","has-post-thumbnail","hentry","category-destacadas","category-morelia"],"_links":{"self":[{"href":"https:\/\/radiowebmx.com\/nota\/wp-json\/wp\/v2\/posts\/26264","targetHints":{"allow":["GET"]}}],"collection":[{"href":"https:\/\/radiowebmx.com\/nota\/wp-json\/wp\/v2\/posts"}],"about":[{"href":"https:\/\/radiowebmx.com\/nota\/wp-json\/wp\/v2\/types\/post"}],"author":[{"embeddable":true,"href":"https:\/\/radiowebmx.com\/nota\/wp-json\/wp\/v2\/users\/1"}],"replies":[{"embeddable":true,"href":"https:\/\/radiowebmx.com\/nota\/wp-json\/wp\/v2\/comments?post=26264"}],"version-history":[{"count":1,"href":"https:\/\/radiowebmx.com\/nota\/wp-json\/wp\/v2\/posts\/26264\/revisions"}],"predecessor-version":[{"id":26266,"href":"https:\/\/radiowebmx.com\/nota\/wp-json\/wp\/v2\/posts\/26264\/revisions\/26266"}],"wp:featuredmedia":[{"embeddable":true,"href":"https:\/\/radiowebmx.com\/nota\/wp-json\/wp\/v2\/media\/26265"}],"wp:attachment":[{"href":"https:\/\/radiowebmx.com\/nota\/wp-json\/wp\/v2\/media?parent=26264"}],"wp:term":[{"taxonomy":"category","embeddable":true,"href":"https:\/\/radiowebmx.com\/nota\/wp-json\/wp\/v2\/categories?post=26264"},{"taxonomy":"post_tag","embeddable":true,"href":"https:\/\/radiowebmx.com\/nota\/wp-json\/wp\/v2\/tags?post=26264"}],"curies":[{"name":"wp","href":"https:\/\/api.w.org\/{rel}","templated":true}]}}