{"id":26246,"date":"2016-09-28T14:36:13","date_gmt":"2016-09-28T19:36:13","guid":{"rendered":"https:\/\/radiowebmx.com\/nota\/?p=26246"},"modified":"2016-09-28T14:36:13","modified_gmt":"2016-09-28T19:36:13","slug":"busca-juan-bernardo-corona-que-cabalgata-morelos-sea-patrimonio-cultural-inmaterial","status":"publish","type":"post","link":"https:\/\/radiowebmx.com\/nota\/busca-juan-bernardo-corona-que-cabalgata-morelos-sea-patrimonio-cultural-inmaterial\/","title":{"rendered":"Busca Juan Bernardo Corona que \u201cCabalgata Morelos\u201d sea patrimonio cultural inmaterial"},"content":{"rendered":"<p>Morelia; Michoac\u00e1n, 28 de septiembre del 2016.- Juan Bernardo Corona Mart\u00ednez, Diputado local del Partido de la Revoluci\u00f3n Democr\u00e1tica (PRD), presentar\u00e1 ma\u00f1ana jueves en sesi\u00f3n ordinaria ante el Pleno, la iniciativa de decreto para que la \u201cCabalgata Morelos\u201d sea nombrada patrimonio cultural inmaterial del Estado.<\/p>\n<p>El diputado local por el distrito XVIII de Huetamo, mencion\u00f3 que Michoac\u00e1n est\u00e1 en posibilidad de cimentar sobre bases firmes otro elemento a su patrimonio cultural inmaterial, lo cual tendr\u00eda la vista positiva de organismos internacionales de alto prestigio como lo es la propia UNESCO, mostrando que nuestra entidad est\u00e1 tratando de ir a la vanguardia en su formaci\u00f3n socio-cultural e hist\u00f3rica.<\/p>\n<p>Juan Bernardo Corona asegur\u00f3 que esta manifestaci\u00f3n cultural genera la convivencia entre las distintas generaciones de ciudadanos que habitan los 10 municipios donde se realiza, permitiendo una mayor integraci\u00f3n en el tejido social al ser un factor de intercambio, acercamiento y entendimiento entre los distintos sectores de las comunidades que forman parte de esta ruta cultural.<\/p>\n","protected":false},"excerpt":{"rendered":"<p>Juan Bernardo Corona Mart\u00ednez, Diputado local del Partido de la Revoluci\u00f3n Democr\u00e1tica (PRD), presentar\u00e1 ma\u00f1ana jueves en sesi\u00f3n ordinaria ante el Pleno, la iniciativa de decreto para que la \u201cCabalgata Morelos\u201d sea nombrada patrimonio cultural inmaterial del Estado.<\/p>\n","protected":false},"author":1,"featured_media":26247,"comment_status":"open","ping_status":"open","sticky":false,"template":"","format":"standard","meta":{"footnotes":""},"categories":[6,14,19],"tags":[],"class_list":["post-26246","post","type-post","status-publish","format-standard","has-post-thumbnail","hentry","category-congreso-del-estado","category-destacadas","category-grupo-parlamentario-del-prd"],"_links":{"self":[{"href":"https:\/\/radiowebmx.com\/nota\/wp-json\/wp\/v2\/posts\/26246","targetHints":{"allow":["GET"]}}],"collection":[{"href":"https:\/\/radiowebmx.com\/nota\/wp-json\/wp\/v2\/posts"}],"about":[{"href":"https:\/\/radiowebmx.com\/nota\/wp-json\/wp\/v2\/types\/post"}],"author":[{"embeddable":true,"href":"https:\/\/radiowebmx.com\/nota\/wp-json\/wp\/v2\/users\/1"}],"replies":[{"embeddable":true,"href":"https:\/\/radiowebmx.com\/nota\/wp-json\/wp\/v2\/comments?post=26246"}],"version-history":[{"count":1,"href":"https:\/\/radiowebmx.com\/nota\/wp-json\/wp\/v2\/posts\/26246\/revisions"}],"predecessor-version":[{"id":26248,"href":"https:\/\/radiowebmx.com\/nota\/wp-json\/wp\/v2\/posts\/26246\/revisions\/26248"}],"wp:featuredmedia":[{"embeddable":true,"href":"https:\/\/radiowebmx.com\/nota\/wp-json\/wp\/v2\/media\/26247"}],"wp:attachment":[{"href":"https:\/\/radiowebmx.com\/nota\/wp-json\/wp\/v2\/media?parent=26246"}],"wp:term":[{"taxonomy":"category","embeddable":true,"href":"https:\/\/radiowebmx.com\/nota\/wp-json\/wp\/v2\/categories?post=26246"},{"taxonomy":"post_tag","embeddable":true,"href":"https:\/\/radiowebmx.com\/nota\/wp-json\/wp\/v2\/tags?post=26246"}],"curies":[{"name":"wp","href":"https:\/\/api.w.org\/{rel}","templated":true}]}}