{"id":2624,"date":"2013-05-20T12:07:36","date_gmt":"2013-05-20T17:07:36","guid":{"rendered":"https:\/\/radiowebmx.com\/nota\/?p=2624"},"modified":"2013-05-20T12:08:09","modified_gmt":"2013-05-20T17:08:09","slug":"gracias-morelianos-por-participar-de-su-fiesta-ayuntamiento","status":"publish","type":"post","link":"https:\/\/radiowebmx.com\/nota\/gracias-morelianos-por-participar-de-su-fiesta-ayuntamiento\/","title":{"rendered":"Gracias morelianos por participar de su fiesta: Ayuntamiento"},"content":{"rendered":"<p><span style=\"font-size: medium;\">Una vez m\u00e1s, las familias de Morelia dieron muestra de unidad y en un ambiente de cordialidad y respeto se sumaron a los festejos que el Ayuntamiento de Morelia program\u00f3 para celebrar a la ciudad con motivo de su 472 aniversario de fundaci\u00f3n este 18 de mayo.<\/span><\/p>\n<p><span style=\"font-size: medium;\">\u00a0<\/span><\/p>\n<p><span style=\"font-size: medium;\">Sin incidentes y en un ambiente de seguridad, la ciudadan\u00eda confi\u00f3 en su gobierno municipal y disfruto de los espect\u00e1culos que se presentaron en distintos puntos de la ciudad, logrando abarrotar cada uno de los espacios.<\/span><\/p>\n<p><span style=\"font-size: medium;\">\u00a0<\/span><\/p>\n<p><span style=\"font-size: medium;\">Como en cualquier cumplea\u00f1os, la ciudad de las canteras rosas despert\u00f3 con las ma\u00f1anitas tradicionales que le cantaron en conjunto el presidente municipal Wilfrido L\u00e1zaro Medina, su esposa Maggy Oribio de L\u00e1zaro, S\u00edndico y Regidores que integran en Cabildo, funcionarios y cientos de familias, quienes disfrutaron de una ambientada desvelada, amenizada por tunas y rondallas de la ciudad y otras localidades que tambi\u00e9n se sumaron al festejo.<\/span><\/p>\n<p><span style=\"font-size: medium;\">\u00a0<\/span><\/p>\n<p><span style=\"font-size: medium;\">La primera actividad del 18 de mayo, fue el izamiento a las Bandera Nacional y a los escudos de Michoac\u00e1n y Morelia con motivo del 472 aniversario de la ciudad.<\/span><\/p>\n<p><span style=\"font-size: medium;\">\u00a0<\/span><\/p>\n<p><span style=\"font-size: medium;\">En el marco de esta conmemoraci\u00f3n, fue presentado el Plan de Desarrollo Municipal, que marca las l\u00edneas de trabajo que guiar\u00e1n la administraci\u00f3n municipal 2012-2015 al frente de Wilfrido L\u00e1zaro Medina, mismo que fue dise\u00f1ado para responder con honestidad, eficiencia y calidad a las necesidades de los ciudadanos para alcanzar una mejor calidad de vida.<\/span><\/p>\n<p><span style=\"font-size: medium;\">\u00a0<\/span><\/p>\n<p><span style=\"font-size: medium;\">Desde hace 71 a\u00f1os, la ciudad de Morelia entrega la Presea General\u00edsimos Morelos, m\u00e1ximo galard\u00f3n otorgado por el Cabildo, a instituciones y personajes que se han caracterizado por luchar y trabajar a favor del municipio y su poblaci\u00f3n; este 2013, se determin\u00f3 distinguir al Ejercito Mexicano con este reconocimiento, para lo cual se cont\u00f3 con la visita del Secretario de la Defensa Nacional Salvador Cienfuegos Zepeda, quien se mostr\u00f3 agradecido con la distinci\u00f3n que la poblaci\u00f3n de Morelia y el gobierno municipal le hace a esta instituci\u00f3n que cumple 100 a\u00f1os al servicio de la naci\u00f3n.<\/span><\/p>\n<p><span style=\"font-size: medium;\">\u00a0<\/span><\/p>\n<p><span style=\"font-size: medium;\">La fiesta para Morelia, continu\u00f3 con la celebraci\u00f3n del Medio Marat\u00f3n, donde se logr\u00f3 un registro de m\u00e1s de tres mil personas, no solo de la ciudad, sino de otras entidades, incluso turistas del extranjero que se encontraban de visita, se sumaron a esta actividad deportiva.<\/span><\/p>\n<p><span style=\"font-size: medium;\">\u00a0<\/span><\/p>\n<p><span style=\"font-size: medium;\">Por la noche el centro moreliano, se inund\u00f3 de luces y colores con el encendido de la Catedral, que con motivo del aniversario de la ciudad, ofreci\u00f3 un espect\u00e1culo \u00fanico lleno de magia y m\u00fasica,\u00a0\u00a0sorprendiendo gratamente a los asistentes.<\/span><\/p>\n<p><span style=\"font-size: medium;\">\u00a0<\/span><\/p>\n<p><span style=\"font-size: medium;\">El cumplea\u00f1os n\u00famero 472 del Jard\u00edn de la Nueva Espa\u00f1a, no pudo concluir de mejor forma, y es que la cantante Lupita D\u00b4Lesio prendi\u00f3 a su p\u00fablico moreliano que abarroto la Plaza Valladolid, con sus canciones \u00fanicas y su estilo particular de cantar.<\/span><\/p>\n<p><span style=\"font-size: medium;\">\u00a0<\/span><\/p>\n<p><span style=\"font-size: medium;\">La reconocida interprete, agradeci\u00f3 al presidente municipal Wilfrido L\u00e1zaro Medina el haberle permitido ser parte del cumplea\u00f1os de Morelia y concluy\u00f3 su participaci\u00f3n, ofreciendo en varias ocasiones bendiciones a quien considero \u201csu Morelia querido\u201d a sus familias y en general al estado de Michoac\u00e1n.<\/span><\/p>\n<p><span style=\"font-size: medium;\">\u00a0<\/span><\/p>\n<p><span style=\"font-size: medium;\">El Presidente Wilfrido L\u00e1zaro cerr\u00f3 la noche anunciando que \u201cla fiesta continua el resto del mes\u201d.<\/span><\/p>\n<p><span style=\"font-size: medium;\">\u00a0<\/span><\/p>\n<p><span style=\"font-size: medium;\">\u00a1Gracias Morelia, gracias morelianos!<\/span><\/p>\n<div><span style=\"font-size: medium;\"><br \/>\n<\/span><\/div>\n","protected":false},"excerpt":{"rendered":"<p>Una vez m\u00e1s, las familias de Morelia dieron muestra de unidad y en un ambiente de cordialidad y respeto se sumaron a los festejos que el Ayuntamiento de Morelia program\u00f3 para celebrar a la ciudad con motivo de su 472 aniversario de fundaci\u00f3n este 18 de mayo.<\/p>\n","protected":false},"author":1,"featured_media":0,"comment_status":"open","ping_status":"open","sticky":false,"template":"","format":"standard","meta":{"footnotes":""},"categories":[9],"tags":[],"class_list":["post-2624","post","type-post","status-publish","format-standard","hentry","category-morelia"],"_links":{"self":[{"href":"https:\/\/radiowebmx.com\/nota\/wp-json\/wp\/v2\/posts\/2624","targetHints":{"allow":["GET"]}}],"collection":[{"href":"https:\/\/radiowebmx.com\/nota\/wp-json\/wp\/v2\/posts"}],"about":[{"href":"https:\/\/radiowebmx.com\/nota\/wp-json\/wp\/v2\/types\/post"}],"author":[{"embeddable":true,"href":"https:\/\/radiowebmx.com\/nota\/wp-json\/wp\/v2\/users\/1"}],"replies":[{"embeddable":true,"href":"https:\/\/radiowebmx.com\/nota\/wp-json\/wp\/v2\/comments?post=2624"}],"version-history":[{"count":2,"href":"https:\/\/radiowebmx.com\/nota\/wp-json\/wp\/v2\/posts\/2624\/revisions"}],"predecessor-version":[{"id":2626,"href":"https:\/\/radiowebmx.com\/nota\/wp-json\/wp\/v2\/posts\/2624\/revisions\/2626"}],"wp:attachment":[{"href":"https:\/\/radiowebmx.com\/nota\/wp-json\/wp\/v2\/media?parent=2624"}],"wp:term":[{"taxonomy":"category","embeddable":true,"href":"https:\/\/radiowebmx.com\/nota\/wp-json\/wp\/v2\/categories?post=2624"},{"taxonomy":"post_tag","embeddable":true,"href":"https:\/\/radiowebmx.com\/nota\/wp-json\/wp\/v2\/tags?post=2624"}],"curies":[{"name":"wp","href":"https:\/\/api.w.org\/{rel}","templated":true}]}}