{"id":26221,"date":"2016-09-28T13:05:59","date_gmt":"2016-09-28T18:05:59","guid":{"rendered":"https:\/\/radiowebmx.com\/nota\/?p=26221"},"modified":"2016-09-28T13:05:59","modified_gmt":"2016-09-28T18:05:59","slug":"potenciaran-la-derrama-crediticia-de-palabra-de-mujer-en-puruandiro-e-ixtlan","status":"publish","type":"post","link":"https:\/\/radiowebmx.com\/nota\/potenciaran-la-derrama-crediticia-de-palabra-de-mujer-en-puruandiro-e-ixtlan\/","title":{"rendered":"Potenciar\u00e1n la derrama crediticia de Palabra de Mujer en Puru\u00e1ndiro e Ixtl\u00e1n"},"content":{"rendered":"<p>Morelia, Michoac\u00e1n, a 28 de septiembre de 2016.- Reforzar los programas y acciones en los ayuntamientos, es fundamental para elevar los niveles de bienestar de las y los habitantes del estado, por lo que el Sistema Integral de Financiamiento para el Desarrollo de Michoac\u00e1n (S\u00ed Financia), trabaja de manera intensa para cumplir ese objetivo y atender las instrucciones del Gobernador Silvano Aureoles Conejo, subray\u00f3 el director general de la dependencia, Benjam\u00edn Hern\u00e1ndez Luna.<\/p>\n<p>Muestra de ello es la firma de sendos convenios de coordinaci\u00f3n institucional entre S\u00ed Financia y los ayuntamientos de Puru\u00e1ndiro e Ixtl\u00e1n de los Hervores, que encabezan V\u00edctor Manuel V\u00e1zquez Tapia y \u00c1ngel Mac\u00edas Mora, respectivamente, los cuales permitir\u00e1n potenciar la derrama crediticia del Programa Palabra de Mujer en ambos municipios.<\/p>\n<p>Tras signar el convenio, el alcalde de Ixtl\u00e1n de los Hervores destac\u00f3 la val\u00eda y pertinencia de este tipo de mecanismos de colaboraci\u00f3n, pues \u201cson de gran importancia para impulsar a los sectores productivos de la regi\u00f3n y, sobre todo, respaldar econ\u00f3micamente a las mujeres y empoderarlas para contribuir a la erradicaci\u00f3n de la violencia de g\u00e9nero\u201d.<\/p>\n<p>Por su parte, Hern\u00e1ndez Luna manifest\u00f3: \u201cEstamos convencidos de que el financiamiento es una gran opci\u00f3n para impulsar el desarrollo de los municipios michoacanos; por ello respaldamos las pol\u00edticas p\u00fablicas que impulsa el ingeniero Silvano Aureoles Conejo, un Gobernador eminentemente municipalista\u201d.<\/p>\n<p>Cabe mencionar que en caso del Ayuntamiento de Ixtl\u00e1n de los Hervores tambi\u00e9n se acord\u00f3 reactivar el Programa de Financiamiento a la Microempresa, el cual apoya a los sectores agroindustrial, industrial, artesanal, comercial, primario y de servicios.<\/p>\n","protected":false},"excerpt":{"rendered":"<p>Reforzar los programas y acciones en los ayuntamientos, es fundamental para elevar los niveles de bienestar de las y los habitantes del estado, por lo que el Sistema Integral de Financiamiento para el Desarrollo de Michoac\u00e1n (S\u00ed Financia), trabaja de manera intensa para cumplir ese objetivo y atender las instrucciones del Gobernador Silvano Aureoles Conejo, subray\u00f3 el director general de la dependencia, Benjam\u00edn Hern\u00e1ndez Luna.<\/p>\n","protected":false},"author":1,"featured_media":26222,"comment_status":"open","ping_status":"open","sticky":false,"template":"","format":"standard","meta":{"footnotes":""},"categories":[14,3],"tags":[],"class_list":["post-26221","post","type-post","status-publish","format-standard","has-post-thumbnail","hentry","category-destacadas","category-gobierno-del-estado-de-michoacan"],"_links":{"self":[{"href":"https:\/\/radiowebmx.com\/nota\/wp-json\/wp\/v2\/posts\/26221","targetHints":{"allow":["GET"]}}],"collection":[{"href":"https:\/\/radiowebmx.com\/nota\/wp-json\/wp\/v2\/posts"}],"about":[{"href":"https:\/\/radiowebmx.com\/nota\/wp-json\/wp\/v2\/types\/post"}],"author":[{"embeddable":true,"href":"https:\/\/radiowebmx.com\/nota\/wp-json\/wp\/v2\/users\/1"}],"replies":[{"embeddable":true,"href":"https:\/\/radiowebmx.com\/nota\/wp-json\/wp\/v2\/comments?post=26221"}],"version-history":[{"count":1,"href":"https:\/\/radiowebmx.com\/nota\/wp-json\/wp\/v2\/posts\/26221\/revisions"}],"predecessor-version":[{"id":26223,"href":"https:\/\/radiowebmx.com\/nota\/wp-json\/wp\/v2\/posts\/26221\/revisions\/26223"}],"wp:featuredmedia":[{"embeddable":true,"href":"https:\/\/radiowebmx.com\/nota\/wp-json\/wp\/v2\/media\/26222"}],"wp:attachment":[{"href":"https:\/\/radiowebmx.com\/nota\/wp-json\/wp\/v2\/media?parent=26221"}],"wp:term":[{"taxonomy":"category","embeddable":true,"href":"https:\/\/radiowebmx.com\/nota\/wp-json\/wp\/v2\/categories?post=26221"},{"taxonomy":"post_tag","embeddable":true,"href":"https:\/\/radiowebmx.com\/nota\/wp-json\/wp\/v2\/tags?post=26221"}],"curies":[{"name":"wp","href":"https:\/\/api.w.org\/{rel}","templated":true}]}}