{"id":26204,"date":"2016-09-28T11:11:38","date_gmt":"2016-09-28T16:11:38","guid":{"rendered":"https:\/\/radiowebmx.com\/nota\/?p=26204"},"modified":"2016-09-28T11:11:38","modified_gmt":"2016-09-28T16:11:38","slug":"la-comunidad-univim-se-suma-a-los-festejos-patrios","status":"publish","type":"post","link":"https:\/\/radiowebmx.com\/nota\/la-comunidad-univim-se-suma-a-los-festejos-patrios\/","title":{"rendered":"La comunidad Univim se suma a los festejos patrios"},"content":{"rendered":"<p>Morelia, Michoac\u00e1n, a 27 de septiembre de 2016.- Con el objetivo de fomentar los valores c\u00edvicos entre la comunidad de la Universidad Virtual del Estado de Michoac\u00e1n (Univim), trabajadores de la casa de estudios encabezados por la rectora, Silvia Mendoza Valenzuela, participan en las diferentes actividades patrias del mes de septiembre realizadas en Morelia.<\/p>\n<p>La comunidad Univim ha participado en diferentes actividades c\u00edvicas, como el izamiento de la Bandera Nacional Monumental de Morelia, la Ceremonia C\u00edvica Conmemorativa del CCXLVIII Aniversario del Natalicio de Do\u00f1a Josefa Ort\u00edz de Dom\u00ednguez, el CLXIX Aniversario de la Gesta Heroica de los Ni\u00f1os H\u00e9roes de Chapultepec, y el CCVI Aniversario del Grito de la Independencia de M\u00e9xico.<\/p>\n<p>Asimismo, presenciaron el Desfile C\u00edvico-Militar con motivo del CCVI Aniversario del Grito de la Independencia de M\u00e9xico y realizaron el Izamiento y Arr\u00edo de la Bandera Nacional en el Jard\u00edn Morelos de esta ciudad. <\/p>\n<p>Adem\u00e1s, los trabajadores de la Univim participar\u00e1n el pr\u00f3ximo 30 de septiembre en el Desfile C\u00edvico Militar con motivo del natalicio de Jos\u00e9 Mar\u00eda Morelos y Pav\u00f3n.<\/p>\n<p>Cabe mencionar que durante el izamiento y arr\u00edo del L\u00e1baro Patrio tambi\u00e9n particip\u00f3 el personal de la Secretar\u00eda del Migrante, encabezado por su titular, Jos\u00e9 Luis Guti\u00e9rrez P\u00e9rez, y de la Gerencia de Patrimonio Municipal de Morelia, dirigida por Gaspar Hern\u00e1ndez Razo.<\/p>\n","protected":false},"excerpt":{"rendered":"<p>Con el objetivo de fomentar los valores c\u00edvicos entre la comunidad de la Universidad Virtual del Estado de Michoac\u00e1n (Univim), trabajadores de la casa de estudios encabezados por la rectora, Silvia Mendoza Valenzuela, participan en las diferentes actividades patrias del mes de septiembre realizadas en Morelia.<\/p>\n","protected":false},"author":1,"featured_media":26205,"comment_status":"open","ping_status":"open","sticky":false,"template":"","format":"standard","meta":{"footnotes":""},"categories":[14,3],"tags":[],"class_list":["post-26204","post","type-post","status-publish","format-standard","has-post-thumbnail","hentry","category-destacadas","category-gobierno-del-estado-de-michoacan"],"_links":{"self":[{"href":"https:\/\/radiowebmx.com\/nota\/wp-json\/wp\/v2\/posts\/26204","targetHints":{"allow":["GET"]}}],"collection":[{"href":"https:\/\/radiowebmx.com\/nota\/wp-json\/wp\/v2\/posts"}],"about":[{"href":"https:\/\/radiowebmx.com\/nota\/wp-json\/wp\/v2\/types\/post"}],"author":[{"embeddable":true,"href":"https:\/\/radiowebmx.com\/nota\/wp-json\/wp\/v2\/users\/1"}],"replies":[{"embeddable":true,"href":"https:\/\/radiowebmx.com\/nota\/wp-json\/wp\/v2\/comments?post=26204"}],"version-history":[{"count":1,"href":"https:\/\/radiowebmx.com\/nota\/wp-json\/wp\/v2\/posts\/26204\/revisions"}],"predecessor-version":[{"id":26206,"href":"https:\/\/radiowebmx.com\/nota\/wp-json\/wp\/v2\/posts\/26204\/revisions\/26206"}],"wp:featuredmedia":[{"embeddable":true,"href":"https:\/\/radiowebmx.com\/nota\/wp-json\/wp\/v2\/media\/26205"}],"wp:attachment":[{"href":"https:\/\/radiowebmx.com\/nota\/wp-json\/wp\/v2\/media?parent=26204"}],"wp:term":[{"taxonomy":"category","embeddable":true,"href":"https:\/\/radiowebmx.com\/nota\/wp-json\/wp\/v2\/categories?post=26204"},{"taxonomy":"post_tag","embeddable":true,"href":"https:\/\/radiowebmx.com\/nota\/wp-json\/wp\/v2\/tags?post=26204"}],"curies":[{"name":"wp","href":"https:\/\/api.w.org\/{rel}","templated":true}]}}