{"id":26201,"date":"2016-09-28T10:59:48","date_gmt":"2016-09-28T15:59:48","guid":{"rendered":"https:\/\/radiowebmx.com\/nota\/?p=26201"},"modified":"2016-09-28T10:59:48","modified_gmt":"2016-09-28T15:59:48","slug":"en-morelia-primer-museo-de-residuos-sos-en-el-pais","status":"publish","type":"post","link":"https:\/\/radiowebmx.com\/nota\/en-morelia-primer-museo-de-residuos-sos-en-el-pais\/","title":{"rendered":"En Morelia, primer Museo de Residuos SOS en el pa\u00eds"},"content":{"rendered":"<p>Una vez m\u00e1s, Morelia se pone a la vanguardia a nivel nacional en materia del cuidado y protecci\u00f3n del medio ambiente, al contar con el primer Museo de Residuos SOS en el pa\u00eds, el cual fue inaugurado este martes por autoridades federales y municipales.<\/p>\n<p>Durante el evento de apertura, el Secretario de Servicios P\u00fablicos del Ayuntamiento capitalino, Jos\u00e9 Luis Gil V\u00e1zquez, destac\u00f3 que este sitio es una muestra palpable del compromiso del Presidente Municipal, Alfonso Mart\u00ednez Alc\u00e1zar, con el cuidado del ecosistema, la formaci\u00f3n de una cultura ambiental en la ciudadan\u00eda, as\u00ed como con el desarrollo sustentable y sostenible del municipio.<\/p>\n<p>\u201cPor instrucciones de nuestro Alcalde, el Museo de Residuos abre las puertas para darle servicio a toda la comunidad moreliana, con la misi\u00f3n de formar y educar a los peque\u00f1os de la capital del estado en el cuidado y protecci\u00f3n del medio ambiente\u201d, detall\u00f3 el funcionario municipal ante la presencia del Delegado de la Secretar\u00eda del Medio Ambiente y Recursos Naturales (SEMARNAT) en la entidad, Mauro Ram\u00f3n Ballesteros Figueroa.<\/p>\n<p>En compa\u00f1\u00eda tambi\u00e9n de las Regidoras Alma Rosa Bahena Villalobos, Mar\u00eda Elisa Garrido P\u00e9rez y Adela Alejandre Flores; el Director de Residuos S\u00f3lidos, Paulino Vel\u00e1zquez Mart\u00ednez, as\u00ed como los estudiantes del Jard\u00edn de Ni\u00f1os \u201cManuel P\u00e9rez Coronado\u201d, hizo \u00e9nfasis en la responsabilidad que cada ciudadano tiene como actor y generador de desechos, por lo que los conmin\u00f3 a llevar a la pr\u00e1ctica las cuatro R: reducir, reutilizar, reciclar y recoger los residuos.<\/p>\n<p>En su oportunidad, el Delegado Estatal de la SEMARNAT reconoci\u00f3 al Gobierno Municipal por ser pioneros en M\u00e9xico al tener este primer espacio \u00fanico en su tipo dedicado a la educaci\u00f3n ambiental.<\/p>\n<p>Indic\u00f3 que en los \u00faltimos a\u00f1os en nuestro pa\u00eds se ha aumentado la generaci\u00f3n de residuos por habitante, pues actualmente oscila entre los 920 y 940 gramos por d\u00eda, debido a la modificaci\u00f3n de los h\u00e1bitos de consumo, por lo que aplaudi\u00f3 la iniciativa del Presidente, Alfonso Mart\u00ednez para hacer frente a este fen\u00f3meno.<\/p>\n<p>Por su parte, Coordinador de la Comisi\u00f3n de Medio Ambiente del Consejo Ciudadano e impulsor de este proyecto, Carlos Padilla Massieu, felicit\u00f3 a la actual Administraci\u00f3n por poner en marcha este museo y cuya propuesta surgi\u00f3 hace 3 d\u00e9cadas en el \u00e1nimo de apostar por el cambio de conducta de la poblaci\u00f3n para mitigar el fen\u00f3meno de la contaminaci\u00f3n ambiental.<\/p>\n","protected":false},"excerpt":{"rendered":"<p>Una vez m\u00e1s, Morelia se pone a la vanguardia a nivel nacional en materia del cuidado y protecci\u00f3n del medio ambiente, al contar con el primer Museo de Residuos SOS en el pa\u00eds, el cual fue inaugurado este martes por autoridades federales y municipales.<\/p>\n","protected":false},"author":1,"featured_media":26202,"comment_status":"open","ping_status":"open","sticky":false,"template":"","format":"standard","meta":{"footnotes":""},"categories":[14,9],"tags":[],"class_list":["post-26201","post","type-post","status-publish","format-standard","has-post-thumbnail","hentry","category-destacadas","category-morelia"],"_links":{"self":[{"href":"https:\/\/radiowebmx.com\/nota\/wp-json\/wp\/v2\/posts\/26201","targetHints":{"allow":["GET"]}}],"collection":[{"href":"https:\/\/radiowebmx.com\/nota\/wp-json\/wp\/v2\/posts"}],"about":[{"href":"https:\/\/radiowebmx.com\/nota\/wp-json\/wp\/v2\/types\/post"}],"author":[{"embeddable":true,"href":"https:\/\/radiowebmx.com\/nota\/wp-json\/wp\/v2\/users\/1"}],"replies":[{"embeddable":true,"href":"https:\/\/radiowebmx.com\/nota\/wp-json\/wp\/v2\/comments?post=26201"}],"version-history":[{"count":1,"href":"https:\/\/radiowebmx.com\/nota\/wp-json\/wp\/v2\/posts\/26201\/revisions"}],"predecessor-version":[{"id":26203,"href":"https:\/\/radiowebmx.com\/nota\/wp-json\/wp\/v2\/posts\/26201\/revisions\/26203"}],"wp:featuredmedia":[{"embeddable":true,"href":"https:\/\/radiowebmx.com\/nota\/wp-json\/wp\/v2\/media\/26202"}],"wp:attachment":[{"href":"https:\/\/radiowebmx.com\/nota\/wp-json\/wp\/v2\/media?parent=26201"}],"wp:term":[{"taxonomy":"category","embeddable":true,"href":"https:\/\/radiowebmx.com\/nota\/wp-json\/wp\/v2\/categories?post=26201"},{"taxonomy":"post_tag","embeddable":true,"href":"https:\/\/radiowebmx.com\/nota\/wp-json\/wp\/v2\/tags?post=26201"}],"curies":[{"name":"wp","href":"https:\/\/api.w.org\/{rel}","templated":true}]}}