{"id":26186,"date":"2016-09-27T11:46:26","date_gmt":"2016-09-27T16:46:26","guid":{"rendered":"https:\/\/radiowebmx.com\/nota\/?p=26186"},"modified":"2016-09-27T11:46:26","modified_gmt":"2016-09-27T16:46:26","slug":"secretaria-de-desarrollo-humano-y-bienestar-social-revisa-solicitudes-para-becas-municipales","status":"publish","type":"post","link":"https:\/\/radiowebmx.com\/nota\/secretaria-de-desarrollo-humano-y-bienestar-social-revisa-solicitudes-para-becas-municipales\/","title":{"rendered":"Secretar\u00eda de Desarrollo Humano y Bienestar Social revisa solicitudes para becas municipales"},"content":{"rendered":"<p>M\u00e1s de 3 mil solicitudes recibi\u00f3 la Secretar\u00eda de Desarrollo Humano y Bienestar Social, luego de dar a conocer el programa de entrega de becas a estudiantes de bajos recursos, de niveles de 5\u00ba y 6\u00ba grado de primaria y 1\u00ba de secundaria.<\/p>\n<p>As\u00ed lo inform\u00f3 el Secretario de Desarrollo Humano y Bienestar Social, Guillermo Mar\u00edn Ch\u00e1vez, luego de que finaliz\u00f3 el pasado 9 de Septiembre el plazo para la recepci\u00f3n de solicitudes y el 19 de Septiembre el plazo para la recepci\u00f3n de documentos de los interesados, en este beneficio impulsado por el Presidente Municipal, Alfonso Mart\u00ednez Alc\u00e1zar, con el fin de evitar que ni\u00f1os y j\u00f3venes abandonen sus estudios por falta de recursos.<\/p>\n<p>Mar\u00edn Ch\u00e1vez, puntualiz\u00f3 que en este momento la Secretar\u00eda se encuentra realizando los estudios econ\u00f3micos necesarios de los 3 mil interesados con el fin de otorgar las mil 600 becas a los ni\u00f1os y j\u00f3venes m\u00e1s necesitados, mismos que se dar\u00e1n a conocer mediante un listado p\u00fablico el pr\u00f3ximo 18 de octubre en la p\u00e1gina oficial del Ayuntamiento de Morelia.<\/p>\n<p>Record\u00f3 que desde el pasado 14 de Septiembre fue integrado un Comit\u00e9 de Becas Municipales compuesto por funcionarios municipales, regidores, maestros y padres de familia; con el fin de poner un alto en la opacidad en la entrega de recursos municipales.<\/p>\n<p>\u201cPara nuestro Presidente, Alfonso Mart\u00ednez, es una prioridad realizar la entrega de este programa con total transparencia, de ah\u00ed, que se busc\u00f3 instalar este Comit\u00e9 con la participaci\u00f3n de la ciudadan\u00eda para otorgar las mil 600 becas programadas a los ni\u00f1os que verdaderamente lo requieren y dar el debido seguimiento\u201d, finaliz\u00f3.<\/p>\n","protected":false},"excerpt":{"rendered":"<p>M\u00e1s de 3 mil solicitudes recibi\u00f3 la Secretar\u00eda de Desarrollo Humano y Bienestar Social, luego de dar a conocer el programa de entrega de becas a estudiantes de bajos recursos, de niveles de 5\u00ba y 6\u00ba grado de primaria y 1\u00ba de secundaria.<\/p>\n","protected":false},"author":1,"featured_media":26188,"comment_status":"open","ping_status":"open","sticky":false,"template":"","format":"standard","meta":{"footnotes":""},"categories":[14,9],"tags":[],"class_list":["post-26186","post","type-post","status-publish","format-standard","has-post-thumbnail","hentry","category-destacadas","category-morelia"],"_links":{"self":[{"href":"https:\/\/radiowebmx.com\/nota\/wp-json\/wp\/v2\/posts\/26186","targetHints":{"allow":["GET"]}}],"collection":[{"href":"https:\/\/radiowebmx.com\/nota\/wp-json\/wp\/v2\/posts"}],"about":[{"href":"https:\/\/radiowebmx.com\/nota\/wp-json\/wp\/v2\/types\/post"}],"author":[{"embeddable":true,"href":"https:\/\/radiowebmx.com\/nota\/wp-json\/wp\/v2\/users\/1"}],"replies":[{"embeddable":true,"href":"https:\/\/radiowebmx.com\/nota\/wp-json\/wp\/v2\/comments?post=26186"}],"version-history":[{"count":1,"href":"https:\/\/radiowebmx.com\/nota\/wp-json\/wp\/v2\/posts\/26186\/revisions"}],"predecessor-version":[{"id":26189,"href":"https:\/\/radiowebmx.com\/nota\/wp-json\/wp\/v2\/posts\/26186\/revisions\/26189"}],"wp:featuredmedia":[{"embeddable":true,"href":"https:\/\/radiowebmx.com\/nota\/wp-json\/wp\/v2\/media\/26188"}],"wp:attachment":[{"href":"https:\/\/radiowebmx.com\/nota\/wp-json\/wp\/v2\/media?parent=26186"}],"wp:term":[{"taxonomy":"category","embeddable":true,"href":"https:\/\/radiowebmx.com\/nota\/wp-json\/wp\/v2\/categories?post=26186"},{"taxonomy":"post_tag","embeddable":true,"href":"https:\/\/radiowebmx.com\/nota\/wp-json\/wp\/v2\/tags?post=26186"}],"curies":[{"name":"wp","href":"https:\/\/api.w.org\/{rel}","templated":true}]}}