{"id":26175,"date":"2016-09-27T11:11:02","date_gmt":"2016-09-27T16:11:02","guid":{"rendered":"https:\/\/radiowebmx.com\/nota\/?p=26175"},"modified":"2016-09-27T11:11:02","modified_gmt":"2016-09-27T16:11:02","slug":"gerencia-del-patrimonio-cultural-evalua-danos-por-grafitis-en-inmuebles-del-centro","status":"publish","type":"post","link":"https:\/\/radiowebmx.com\/nota\/gerencia-del-patrimonio-cultural-evalua-danos-por-grafitis-en-inmuebles-del-centro\/","title":{"rendered":"Gerencia del Patrimonio Cultural eval\u00faa da\u00f1os por grafitis en inmuebles del Centro"},"content":{"rendered":"<p>Luego de las pintas y grafitis que dejaron a su paso un grupo de manifestantes que este lunes recorri\u00f3 calles de Centro Hist\u00f3rico de la ciudad, el Gerente del Patrimonio Cultural de Morelia, Gaspar Hern\u00e1ndez Razo, rechaz\u00f3 toda acci\u00f3n que da\u00f1e y lesione los sitios hist\u00f3ricos del Primer Cuadro de la capital.<\/p>\n<p>Tras reiterar el respeto irrestricto de este Ayuntamiento capitalino a la libre manifestaci\u00f3n de los ciudadanos, el funcionario municipal hizo un atento llamado a la poblaci\u00f3n a externar sus ideas sin causar afectaciones a los edificios emblem\u00e1ticos del Coraz\u00f3n del municipio.<\/p>\n<p>Lament\u00f3 que luego de un intenso trabajo de retiro de grafitis del Centro de Morelia, el cual registraba un avance considerable, se haya visto afectado por la marcha efectuada este lunes.<\/p>\n<p>\u201cLa pinta de consignas no tiene nada que ver con la libertad de expresi\u00f3n, sino al contrario, con esas acciones han causado un gran da\u00f1o al patrimonio cultural de todos los morelianos, lo cual por supuesto es deleznable y reprochable\u201d, ataj\u00f3, Gaspar Hern\u00e1ndez.<\/p>\n<p>Refiri\u00f3 que de manera personal y en conjunto con los trabajadores de la Gerencia, har\u00e1 la revisi\u00f3n puntual de los nuevos grafitis generados en el Primer Cuadro de la Ciudad producto de dicha manifestaci\u00f3n, de tal manera que se pueda censar el n\u00famero de pintas que est\u00e1n desde el Obelisco a L\u00e1zaro C\u00e1rdenas hasta Avenida Acueducto.<\/p>\n<p>Hern\u00e1ndez Razo, record\u00f3 que hasta este lunes por la ma\u00f1ana el Programa de retiro de grafitis llevaba un gran avance, pues de los mil 390 metros cuadrados de pintas contempladas para eliminar de cantera este a\u00f1o, solo faltaban 300 metros cuadrados; en tanto que de fachada plana restaba quitar una cuarta parte de los 22 mil 220 metros cuadrados identificados.<\/p>\n<p>\u201cEs muy penoso que por el actuar de unos cuantos, se da\u00f1e de manera tan significativa estos sitios, atentando de esta manera con el recurso que es de los morelianos\u201d, a\u00f1adi\u00f3.<\/p>\n<p>Para finalizar, reiter\u00f3 el exhorto a la ciudadan\u00eda a manifestarse de manera libre, respetuosa y sin causar da\u00f1os a los sitios hist\u00f3ricos de la capital michoacana.<\/p>\n","protected":false},"excerpt":{"rendered":"<p>Luego de las pintas y grafitis que dejaron a su paso un grupo de manifestantes que este lunes recorri\u00f3 calles de Centro Hist\u00f3rico de la ciudad, el Gerente del Patrimonio Cultural de Morelia, Gaspar Hern\u00e1ndez Razo, rechaz\u00f3 toda acci\u00f3n que da\u00f1e y lesione los sitios hist\u00f3ricos del Primer Cuadro de la capital.<\/p>\n","protected":false},"author":1,"featured_media":26176,"comment_status":"open","ping_status":"open","sticky":false,"template":"","format":"standard","meta":{"footnotes":""},"categories":[14,9],"tags":[],"class_list":["post-26175","post","type-post","status-publish","format-standard","has-post-thumbnail","hentry","category-destacadas","category-morelia"],"_links":{"self":[{"href":"https:\/\/radiowebmx.com\/nota\/wp-json\/wp\/v2\/posts\/26175","targetHints":{"allow":["GET"]}}],"collection":[{"href":"https:\/\/radiowebmx.com\/nota\/wp-json\/wp\/v2\/posts"}],"about":[{"href":"https:\/\/radiowebmx.com\/nota\/wp-json\/wp\/v2\/types\/post"}],"author":[{"embeddable":true,"href":"https:\/\/radiowebmx.com\/nota\/wp-json\/wp\/v2\/users\/1"}],"replies":[{"embeddable":true,"href":"https:\/\/radiowebmx.com\/nota\/wp-json\/wp\/v2\/comments?post=26175"}],"version-history":[{"count":1,"href":"https:\/\/radiowebmx.com\/nota\/wp-json\/wp\/v2\/posts\/26175\/revisions"}],"predecessor-version":[{"id":26177,"href":"https:\/\/radiowebmx.com\/nota\/wp-json\/wp\/v2\/posts\/26175\/revisions\/26177"}],"wp:featuredmedia":[{"embeddable":true,"href":"https:\/\/radiowebmx.com\/nota\/wp-json\/wp\/v2\/media\/26176"}],"wp:attachment":[{"href":"https:\/\/radiowebmx.com\/nota\/wp-json\/wp\/v2\/media?parent=26175"}],"wp:term":[{"taxonomy":"category","embeddable":true,"href":"https:\/\/radiowebmx.com\/nota\/wp-json\/wp\/v2\/categories?post=26175"},{"taxonomy":"post_tag","embeddable":true,"href":"https:\/\/radiowebmx.com\/nota\/wp-json\/wp\/v2\/tags?post=26175"}],"curies":[{"name":"wp","href":"https:\/\/api.w.org\/{rel}","templated":true}]}}