{"id":26172,"date":"2016-09-27T11:06:54","date_gmt":"2016-09-27T16:06:54","guid":{"rendered":"https:\/\/radiowebmx.com\/nota\/?p=26172"},"modified":"2016-09-27T11:06:54","modified_gmt":"2016-09-27T16:06:54","slug":"morelia-camina-hacia-el-desarrollo-ordenado-y-sostenible-alfonso-martinez","status":"publish","type":"post","link":"https:\/\/radiowebmx.com\/nota\/morelia-camina-hacia-el-desarrollo-ordenado-y-sostenible-alfonso-martinez\/","title":{"rendered":"Morelia camina hacia el desarrollo ordenado y sostenible: Alfonso Mart\u00ednez"},"content":{"rendered":"<p>Con el prop\u00f3sito de dar seguimiento a los distintos procesos de ordenamiento territorial y desarrollo urbano que se gestan en el municipio y atendiendo lo que establece el C\u00f3digo de Desarrollo Urbano de Michoac\u00e1n, este lunes el Presidente Municipal de Morelia, Alfonso Mart\u00ednez Alc\u00e1zar, encabez\u00f3 la Segunda Sesi\u00f3n de la Comisi\u00f3n de Desarrollo Urbano y Ordenamiento Territorial.<\/p>\n<p>Ante la presencia del Secretario de Desarrollo Territorial, Urbano y Movilidad (SEDETUM), Sergio Adem Argueta, quien tambi\u00e9n forma parte de este organismo, el Alcalde tom\u00f3 protesta a los nuevos integrantes de la Comisi\u00f3n, conformada por funcionarios de los tres \u00f3rdenes de Gobierno, Regidores, miembros y consejeros del Instituto Municipal de Planeaci\u00f3n (IMPLAN), Jefes de Tenencia y encargados del orden.<\/p>\n<p>En este marco, Mart\u00ednez Alc\u00e1zar, hizo \u00e9nfasis en la disposici\u00f3n del Ayuntamiento capitalino por tomar decisiones de la mano de la ciudadan\u00eda y los profesionales en la materia en beneficio del crecimiento ordenado y sostenido del municipio, por lo que manifest\u00f3 su total respaldo a cada una de las iniciativas propuestas por este \u00f3rgano colegiado.<\/p>\n<p>Destac\u00f3 que una vez establecido el Plan de Gran Visi\u00f3n Morelia NExT, que surgi\u00f3 de la participaci\u00f3n de los ciudadanos, la ruta de desarrollo de la capital michoacana est\u00e1 trazada, de ah\u00ed que mostr\u00f3 el inter\u00e9s de ajustar los proyectos de urbanismo en este sentido y con ello acelerar el progreso de la ciudad.<\/p>\n<p>Durante la Segunda Reuni\u00f3n, la Comisi\u00f3n aprob\u00f3 por unanimidad la formulaci\u00f3n del Programa Municipal de Gesti\u00f3n de Riesgos y Ordenamiento Territorial de Morelia, para la cual, y en congruencia con las recomendaciones que emite la SEDATU, qui\u00e9n aporta el 70 por ciento de los recursos para realizar el instrumento, se invitar\u00e1 al Colegio de Michoac\u00e1n, a la UMSNH y a la UNAM a participar en la licitaci\u00f3n para su realizaci\u00f3n.<\/p>\n<p>Asimismo, el cuerpo colegiado aval\u00f3 la actualizaci\u00f3n del Programa Parcial de Desarrollo Urbano del Centro Hist\u00f3rico de Morelia y su Plan de Manejo. En este punto, el Director del IMPLAN, Pedro Cital Beltr\u00e1n, en su car\u00e1cter de Secretario T\u00e9cnico, explic\u00f3 que es necesario actualizar ambos proyectos, pues puntualiz\u00f3 que el primero data del a\u00f1o 2001 y plan de manejo del 2011, de tal manera que ambos esten vigentes y sean anexadas las consideraciones del Plan de Gran Visi\u00f3n para esta zona, permitiendo generar las pol\u00edticas p\u00fablicas de desarrollo urbano e inversi\u00f3n del Primer Cuadro de la Ciudad.<\/p>\n<p>Con relaci\u00f3n a la formulaci\u00f3n de los programas parciales de desarrollo urbano de las zonas \u201cSur\u201d y \u201cSuroeste\u201d, se inform\u00f3 sobre la reposici\u00f3n de los procesos de consulta 2015 y de sus resultados, acordando que se proceder\u00e1 a concluir con la planeaci\u00f3n urbana de estas zonas prioritarias en el marco de la formulaci\u00f3n de la Actualizaci\u00f3n del Programa de Desarrollo Urbano del Centro de Poblaci\u00f3n de Morelia.<\/p>\n<p>Finalmente, se aprobaron los lineamientos municipales para el seguimiento de la propuesta de modificaci\u00f3n parcial de los programas de Desarrollo Urbano, con base en el C\u00f3digo de Desarrollo Urbano de Michoac\u00e1n vigente, mediante los cuales se pretende dar certeza, transparencia y agilizar este proceso.<\/p>\n<p>Es de se\u00f1alar, que adem\u00e1s del Presidente Municipal, el titular de la SEDETUM y el Director del IMPLAN, conforman ese organismo el S\u00edndico Municipal, Fabio Sistos Rangel; el Delegado Estatal de la SEDATU, Alfredo Fern\u00e1ndez Peri; el Secretario de Desarrollo Metropolitano e Infraestructura, Juan Fernando Sosa Tapia; los Regidores Jorge Luis Tinoco Ortiz, Kathia Ortiz \u00c1vila y Mar\u00eda Elisa Garrido P\u00e9rez; los Jefes de Tenencia de Atapaneo, Cuto de la Esperanza y San Miguel del Monte, Ezequiel P\u00e9rez Ch\u00e1vez, Elio Villal\u00f3n Duarte y Ramiro Rangel Campuzano, respectivamente, as\u00ed como los encargados del orden de las colonias Leandro Valle, Colinas del Sur y del Empleado, Larisa Orozco Cardona, Alejandra Acosta Ch\u00e1vez y Sergio Casta\u00f1eda Blancas, respectivamente.<\/p>\n<p>De igual modo, forman parte de la Comisi\u00f3n los vocales ciudadanos Jos\u00e9 Luis Sol\u00f3rzano Garc\u00eda, Jorge Casar Aldrete, Claudia Margarita Garc\u00eda Paul\u00edn, Alberto Herrej\u00f3n Abud, Carlos Alberto Hiriart Pardo, Roberto Ram\u00edrez Delgado, Mario Rodr\u00edguez Loeza, Roberto Santill\u00e1n Ferreyra, Daniel Durand Flores, Guillermo S\u00e1nchez Contreras y Carlos Primo Torres Arenal.<\/p>\n","protected":false},"excerpt":{"rendered":"<p>Con el prop\u00f3sito de dar seguimiento a los distintos procesos de ordenamiento territorial y desarrollo urbano que se gestan en el municipio y atendiendo lo que establece el C\u00f3digo de Desarrollo Urbano de Michoac\u00e1n, este lunes el Presidente Municipal de Morelia<\/p>\n","protected":false},"author":1,"featured_media":26173,"comment_status":"open","ping_status":"open","sticky":false,"template":"","format":"standard","meta":{"footnotes":""},"categories":[14,9],"tags":[],"class_list":["post-26172","post","type-post","status-publish","format-standard","has-post-thumbnail","hentry","category-destacadas","category-morelia"],"_links":{"self":[{"href":"https:\/\/radiowebmx.com\/nota\/wp-json\/wp\/v2\/posts\/26172","targetHints":{"allow":["GET"]}}],"collection":[{"href":"https:\/\/radiowebmx.com\/nota\/wp-json\/wp\/v2\/posts"}],"about":[{"href":"https:\/\/radiowebmx.com\/nota\/wp-json\/wp\/v2\/types\/post"}],"author":[{"embeddable":true,"href":"https:\/\/radiowebmx.com\/nota\/wp-json\/wp\/v2\/users\/1"}],"replies":[{"embeddable":true,"href":"https:\/\/radiowebmx.com\/nota\/wp-json\/wp\/v2\/comments?post=26172"}],"version-history":[{"count":1,"href":"https:\/\/radiowebmx.com\/nota\/wp-json\/wp\/v2\/posts\/26172\/revisions"}],"predecessor-version":[{"id":26174,"href":"https:\/\/radiowebmx.com\/nota\/wp-json\/wp\/v2\/posts\/26172\/revisions\/26174"}],"wp:featuredmedia":[{"embeddable":true,"href":"https:\/\/radiowebmx.com\/nota\/wp-json\/wp\/v2\/media\/26173"}],"wp:attachment":[{"href":"https:\/\/radiowebmx.com\/nota\/wp-json\/wp\/v2\/media?parent=26172"}],"wp:term":[{"taxonomy":"category","embeddable":true,"href":"https:\/\/radiowebmx.com\/nota\/wp-json\/wp\/v2\/categories?post=26172"},{"taxonomy":"post_tag","embeddable":true,"href":"https:\/\/radiowebmx.com\/nota\/wp-json\/wp\/v2\/tags?post=26172"}],"curies":[{"name":"wp","href":"https:\/\/api.w.org\/{rel}","templated":true}]}}