{"id":26165,"date":"2016-09-27T10:54:10","date_gmt":"2016-09-27T15:54:10","guid":{"rendered":"https:\/\/radiowebmx.com\/nota\/?p=26165"},"modified":"2016-09-27T10:56:25","modified_gmt":"2016-09-27T15:56:25","slug":"inicia-en-el-imced-semana-cultural-en-honor-a-morelos","status":"publish","type":"post","link":"https:\/\/radiowebmx.com\/nota\/inicia-en-el-imced-semana-cultural-en-honor-a-morelos\/","title":{"rendered":"Inicia en el IMCED semana cultural en honor a Morelos"},"content":{"rendered":"<p>Morelia, Michoac\u00e1n, a 26 de septiembre de 2016.- Este lunes fue inaugurada la semana de actividades culturales y art\u00edsticas con motivo del natalicio de Jos\u00e9 Mar\u00eda Morelos y Pav\u00f3n en el Instituto Michoacano de Ciencias de la Educaci\u00f3n (IMCED), que de esta manera ratifica su compromiso con la formaci\u00f3n de profesionales de la educaci\u00f3n con altos valores c\u00edvicos.<\/p>\n<p>En este marco, el director general del IMCED, Javier Irepan Hacha dio la bienvenida al ciclo escolar septiembre 2016 &#8211; febrero 2017 ante el nuevo alumnado del instituto, y se\u00f1al\u00f3 que la educaci\u00f3n debe incluir el fomento de valores humanos, pues es gracias a ello que se llegan a alcanzar los m\u00e1s altos niveles de convivencia social.<\/p>\n<p>Como parte de las actividades de esta semana art\u00edstico-cultural, este lunes la Orquesta Sinf\u00f3nica de la Secretar\u00eda de Educaci\u00f3n en el Estado ofreci\u00f3 un concierto, y se present\u00f3 el ballet folkl\u00f3rico \u201cCuadrillas Baja California\u201d.<\/p>\n<p>Ma\u00f1ana martes se llevar\u00e1 a cabo un torneo de f\u00fatbol femenil y varonil; el mi\u00e9rcoles 28 habr\u00e1 un concierto a cargo del grupo \u201cBola Suriana\u201d y continuar\u00e1 el torneo deportivo.<\/p>\n<p>El jueves 29 se disputar\u00e1n los encuentros finales del torneo de f\u00fatbol, para proseguir con la premiaci\u00f3n presentaci\u00f3n de los miembros del colectivo circense contempor\u00e1neo \u201cLos Wrandes\u201d.<\/p>\n<p>Las actividades concluir\u00e1n el viernes 30 con un acto c\u00edvico y honores a la Bandera para conmemorar el natalicio de Morelos, de quien se ofrecer\u00e1 una semblanza de su labor como educador; adem\u00e1s, ser\u00e1 colocada una ofrenda floral en la imagen del pr\u00f3cer.<\/p>\n<p>Para el semestre escolarizado septiembre 2016 &#8211; febrero 2017 el IMCED tiene registrados para los niveles de licenciatura y maestr\u00eda 5 mil 600 estudiantes, de los cuales mil 950 son de nuevo ingreso; en licenciatura se matricularon 4 mil 993 alumnos, 650 en la sede Guacamayas, en L\u00e1zaro C\u00e1rdenas y 650 en Zit\u00e1cuaro, el resto corresponde a grupos semiescolarizados en todo el territorio michoacano a y posgrados.<\/p>\n","protected":false},"excerpt":{"rendered":"<p>Este lunes fue inaugurada la semana de actividades culturales y art\u00edsticas con motivo del natalicio de Jos\u00e9 Mar\u00eda Morelos y Pav\u00f3n en el Instituto Michoacano de Ciencias de la Educaci\u00f3n (IMCED), que de esta manera ratifica su compromiso con la formaci\u00f3n de profesionales de la educaci\u00f3n con altos valores c\u00edvicos.<\/p>\n","protected":false},"author":1,"featured_media":26166,"comment_status":"open","ping_status":"open","sticky":false,"template":"","format":"standard","meta":{"footnotes":""},"categories":[14,3],"tags":[],"class_list":["post-26165","post","type-post","status-publish","format-standard","has-post-thumbnail","hentry","category-destacadas","category-gobierno-del-estado-de-michoacan"],"_links":{"self":[{"href":"https:\/\/radiowebmx.com\/nota\/wp-json\/wp\/v2\/posts\/26165","targetHints":{"allow":["GET"]}}],"collection":[{"href":"https:\/\/radiowebmx.com\/nota\/wp-json\/wp\/v2\/posts"}],"about":[{"href":"https:\/\/radiowebmx.com\/nota\/wp-json\/wp\/v2\/types\/post"}],"author":[{"embeddable":true,"href":"https:\/\/radiowebmx.com\/nota\/wp-json\/wp\/v2\/users\/1"}],"replies":[{"embeddable":true,"href":"https:\/\/radiowebmx.com\/nota\/wp-json\/wp\/v2\/comments?post=26165"}],"version-history":[{"count":1,"href":"https:\/\/radiowebmx.com\/nota\/wp-json\/wp\/v2\/posts\/26165\/revisions"}],"predecessor-version":[{"id":26167,"href":"https:\/\/radiowebmx.com\/nota\/wp-json\/wp\/v2\/posts\/26165\/revisions\/26167"}],"wp:featuredmedia":[{"embeddable":true,"href":"https:\/\/radiowebmx.com\/nota\/wp-json\/wp\/v2\/media\/26166"}],"wp:attachment":[{"href":"https:\/\/radiowebmx.com\/nota\/wp-json\/wp\/v2\/media?parent=26165"}],"wp:term":[{"taxonomy":"category","embeddable":true,"href":"https:\/\/radiowebmx.com\/nota\/wp-json\/wp\/v2\/categories?post=26165"},{"taxonomy":"post_tag","embeddable":true,"href":"https:\/\/radiowebmx.com\/nota\/wp-json\/wp\/v2\/tags?post=26165"}],"curies":[{"name":"wp","href":"https:\/\/api.w.org\/{rel}","templated":true}]}}