{"id":26162,"date":"2016-09-27T10:50:01","date_gmt":"2016-09-27T15:50:01","guid":{"rendered":"https:\/\/radiowebmx.com\/nota\/?p=26162"},"modified":"2016-09-27T10:50:01","modified_gmt":"2016-09-27T15:50:01","slug":"en-operativo-itinerante-cocotra-detiene-22-unidades-irregulares-en-morelia","status":"publish","type":"post","link":"https:\/\/radiowebmx.com\/nota\/en-operativo-itinerante-cocotra-detiene-22-unidades-irregulares-en-morelia\/","title":{"rendered":"En operativo itinerante, Cocotra detiene 22 unidades irregulares en Morelia"},"content":{"rendered":"<p>Morelia, Michoac\u00e1n, a 26 de septiembre de 2016.- Un total de 22 unidades que prestaban el servicio de transporte p\u00fablico de manera irregular en diversas rutas y ramales de esta capital fueron detectadas y detenidas por la Direcci\u00f3n de Operaciones de la Comisi\u00f3n Coordinadora del Transporte P\u00fablico de Michoac\u00e1n (Cocotra).<\/p>\n<p>El operativo inici\u00f3 poco despu\u00e9s de las 10:30 horas, cuando 10 inspectores de Cocotra, cuatro agentes ministeriales y dos oficiales de Tr\u00e1nsito estatal comenzaron los recorridos por las distintas rutas y ramales de Morelia.<\/p>\n<p>\u201cEl saldo total del operativo matutino fue de 16 taxis y seis colectivos de diferentes organizaciones que fueron interceptadas cuando prestaban el servicio sin los documentos reglamentarios para ello, por lo que el personal a mi cargo procedi\u00f3 a detenerlos y remitirlos al corral\u00f3n\u201d, detall\u00f3 Alejandro Hern\u00e1ndez \u00c1lvarez, titular de la Direcci\u00f3n de Operaciones del organismo regulador.<\/p>\n<p>De acuerdo con el funcionario, los inspectores, as\u00ed como el personal de la Procuradur\u00eda General de Justicia del Estado y de la Direcci\u00f3n de Tr\u00e1nsito estatal, integraron dos grupos que salieron a recorrer las principales rutas.<\/p>\n<p>En esta ocasi\u00f3n los grupos de inspecci\u00f3n decidieron montar un operativo itinerante tipo \u201ccarrusel\u201d, a fin de evitar que los transportistas irregulares evadieran los tradicionales retenes en los que se realizan las revisiones.<\/p>\n<p>\u201cEn la Cocotra estamos comprometidos al 100 por ciento con la visi\u00f3n del Gobernador Silvano Aureoles Conejo, por lo que los operativos continuar\u00e1n de manera permanente hasta que usuarios y concesionarios tengan seguridad y certidumbre, as\u00ed como un transporte digno a la altura de las expectativas de los michoacanos\u201d, se\u00f1al\u00f3 Julieta Gallardo Mora, titular de la Cocotra.<\/p>\n","protected":false},"excerpt":{"rendered":"<p>Un total de 22 unidades que prestaban el servicio de transporte p\u00fablico de manera irregular en diversas rutas y ramales de esta capital fueron detectadas y detenidas por la Direcci\u00f3n de Operaciones de la Comisi\u00f3n Coordinadora del Transporte P\u00fablico de Michoac\u00e1n (Cocotra).<\/p>\n","protected":false},"author":1,"featured_media":26163,"comment_status":"open","ping_status":"open","sticky":false,"template":"","format":"standard","meta":{"footnotes":""},"categories":[14,3],"tags":[],"class_list":["post-26162","post","type-post","status-publish","format-standard","has-post-thumbnail","hentry","category-destacadas","category-gobierno-del-estado-de-michoacan"],"_links":{"self":[{"href":"https:\/\/radiowebmx.com\/nota\/wp-json\/wp\/v2\/posts\/26162","targetHints":{"allow":["GET"]}}],"collection":[{"href":"https:\/\/radiowebmx.com\/nota\/wp-json\/wp\/v2\/posts"}],"about":[{"href":"https:\/\/radiowebmx.com\/nota\/wp-json\/wp\/v2\/types\/post"}],"author":[{"embeddable":true,"href":"https:\/\/radiowebmx.com\/nota\/wp-json\/wp\/v2\/users\/1"}],"replies":[{"embeddable":true,"href":"https:\/\/radiowebmx.com\/nota\/wp-json\/wp\/v2\/comments?post=26162"}],"version-history":[{"count":1,"href":"https:\/\/radiowebmx.com\/nota\/wp-json\/wp\/v2\/posts\/26162\/revisions"}],"predecessor-version":[{"id":26164,"href":"https:\/\/radiowebmx.com\/nota\/wp-json\/wp\/v2\/posts\/26162\/revisions\/26164"}],"wp:featuredmedia":[{"embeddable":true,"href":"https:\/\/radiowebmx.com\/nota\/wp-json\/wp\/v2\/media\/26163"}],"wp:attachment":[{"href":"https:\/\/radiowebmx.com\/nota\/wp-json\/wp\/v2\/media?parent=26162"}],"wp:term":[{"taxonomy":"category","embeddable":true,"href":"https:\/\/radiowebmx.com\/nota\/wp-json\/wp\/v2\/categories?post=26162"},{"taxonomy":"post_tag","embeddable":true,"href":"https:\/\/radiowebmx.com\/nota\/wp-json\/wp\/v2\/tags?post=26162"}],"curies":[{"name":"wp","href":"https:\/\/api.w.org\/{rel}","templated":true}]}}