{"id":26133,"date":"2016-09-26T12:02:50","date_gmt":"2016-09-26T17:02:50","guid":{"rendered":"https:\/\/radiowebmx.com\/nota\/?p=26133"},"modified":"2016-09-26T12:02:50","modified_gmt":"2016-09-26T17:02:50","slug":"dif-municipal-anuncia-campana-por-el-mes-de-la-lucha-contra-el-cancer","status":"publish","type":"post","link":"https:\/\/radiowebmx.com\/nota\/dif-municipal-anuncia-campana-por-el-mes-de-la-lucha-contra-el-cancer\/","title":{"rendered":"DIF Municipal anuncia campa\u00f1a por el Mes de la Lucha Contra el C\u00e1ncer"},"content":{"rendered":"<p>Con el objetivo de promover la cultura de la prevenci\u00f3n y fomentar la salud en el municipio, la Presidenta Honoraria del DIF Morelia, Paola Delgadillo de Mart\u00ednez, present\u00f3 la ma\u00f1ana de este lunes la campa\u00f1a \u201cHoy Toca Por Ti\u201d que se realizar\u00e1 en el municipio a partir del mes de octubre con motivo del Mes de la Lucha Contra el C\u00e1ncer de Seno.<\/p>\n<p>Acompa\u00f1ada por el Secretario de Desarrollo Humano y Bienestar Social, Guillermo Mar\u00edn Ch\u00e1vez; la Encargada de Despacho de la Direcci\u00f3n del DIF Morelia, Melissa V\u00e1squez P\u00e9rez y la Regidora, Adela Alejandre Flores, Paola Delgadillo, explic\u00f3 que para esta campa\u00f1a se llevar\u00e1n a cabo una serie de actividades, tanto para el mes de octubre como de manera permanente, a fin de que las acciones de prevenci\u00f3n y atenci\u00f3n al c\u00e1ncer de seno lleguen a una mayor cantidad de morelianos.<\/p>\n<p>Explic\u00f3 que a diferencia de otras campa\u00f1as que se han hecho antes en el DIF Morelia, \u201cen esta no nos vamos a quedar solo con la difusi\u00f3n, sino que vamos a actuar a trav\u00e9s de tres vertientes: prevenci\u00f3n; diagn\u00f3stico y seguimiento, por lo que otorgaremos mastograf\u00edas gratuitas en todo el municipio, y daremos acompa\u00f1amiento a las personas a las que despu\u00e9s del estudio se les haya detectado un posible riesgo\u201d.<\/p>\n<p>Uno de los puntos destacables es que en la campa\u00f1a tambi\u00e9n est\u00e1n invitados los hombres para realizarse los estudios de mastograf\u00eda, a fin de reducir el riesgo de este padecimiento por factores hereditarios.<\/p>\n<p>Al respecto, Mar\u00edn Ch\u00e1vez destac\u00f3 las acciones coordinadas entre todas las \u00e1reas de salud del municipio: \u201cesta campa\u00f1a corresponde a los ejes de desarrollo social trazados por esta Administraci\u00f3n Independiente que encabeza mi esposo, Alfonso Mart\u00ednez Alc\u00e1zar; en donde la salud es una prioridad y es necesaria para garantizar el crecimiento de nuestro municipio\u201d, indic\u00f3.<\/p>\n<p>En tanto, V\u00e1squez P\u00e9rez inform\u00f3 que el arranque de la campa\u00f1a se llevar\u00e1 a cabo el pr\u00f3ximo s\u00e1bado 1 de octubre, con un paseo en bicicleta organizado en conjunto con la asociaci\u00f3n civil \u201cBicivilizate\u201d y ese mismo d\u00eda se van a iluminar de rosa varios monumentos del Centro Hist\u00f3rico, aunque desde la semana pasada el DIF Morelia inicio una serie de charlas dirigidas a las trabajadoras y beneficiarias de los programas sociales. La pr\u00f3xima pl\u00e1tica ser\u00e1 en la comunidad de La Aldea este 28 de septiembre.<\/p>\n<p>\u201cEl 6 de octubre se llevar\u00e1 a cabo una conferencia sobre prevenci\u00f3n a cargo de la doctora Yara Pineda, en el auditorio del DIF Municipal que ser\u00e1 abierta al p\u00fablico en general y Ayuntamiento; el 12 de octubre ser\u00e1 el taller &#8220;Mitos y Realidades del C\u00e1ncer Mamario&#8221; y el 19 de octubre habr\u00e1 un acto protocolario para la entrega de pr\u00f3tesis mamarias a mujeres sobrevivientes del c\u00e1ncer que se han hecho una mastectom\u00eda\u201d, indic\u00f3.<\/p>\n<p>Detall\u00f3 que el procedimiento que se seguir\u00e1 en la zona urbana para otorgar la mastograf\u00eda gratuita consistir\u00e1 en acudir a las oficinas del DIF Morelia ubicadas en Vicente Barroso de La Escayola #135, col. La Estrella, con credencial de elector, CURP y comprobante de domicilio para que se les otorgue una cita para su estudio de mastograf\u00eda en la UNEME.<\/p>\n<p>La Regidora, Adela Alejandre explic\u00f3 que para el caso de las 14 tenencias, se pondr\u00e1 a disposici\u00f3n un mast\u00f3grafo m\u00f3vil que estar\u00e1 ubicado en las jefaturas de tenencias de tres a cuatro d\u00edas, y las personas interesadas deber\u00e1n acudir a las 9 de la ma\u00f1ana para que ese mismo d\u00eda se les haga el estudio.<\/p>\n<p>Deber\u00e1n presentar credencial de elector, CURP y comprobante de domicilio, adem\u00e1s de firmar un registro, donde dejaran asentados los datos de un familiar o conocido de confianza a quien entregarle los resultados en caso de no localizar directamente al beneficiario. En el mismo registro, tambi\u00e9n se comprometen a dar seguimiento a los resultados.<\/p>\n<p>\u201cSe otorgar\u00e1n 500 estudios en el mast\u00f3grafo m\u00f3vil, pero en caso de que se sobrepase esa cifra, vamos a canalizar a los interesados a la UNEME y seguir\u00edan el mismo proceso que las personas del \u00e1rea urbana\u201d, se\u00f1al\u00f3.<\/p>\n<p>\u201cLa invitaci\u00f3n es abierta a cuidar su salud, no tiene ning\u00fan costo y es parte de las acciones que realiza el Ayuntamiento de Morelia para promover la cultura de prevenci\u00f3n y fomentar h\u00e1bitos saludables que mejoren la calidad de vida de los morelianos\u201d.<\/p>\n<p>El calendario de servicio que dar\u00e1 mast\u00f3grafo m\u00f3vil en tenencias inicia en Capula del 17 al 20 de octubre; Tac\u00edcuaro,  21 al 25 de octubre; Cuto de la Esperanza del 26 al 29 de octubre; Teremendo del 31 de octubre al 3 de noviembre; Santiago Undameo, 4 y 5 de noviembre; Tiripet\u00edo del 7 al 10 de noviembre; At\u00e9cuaro del 11 al 15 de noviembre; San Miguel del Monte, del 16 al 18 de noviembre; Jes\u00fas del Monte del 19 al 23 de noviembre; Santa Mar\u00eda de Guido del 24 al 26 de noviembre; Atapaneo, del 28 de noviembre al 1 de diciembre; Chiquimit\u00edo del 2 al 5 de diciembre; San Nicol\u00e1s Obispo del 6 al 8 de diciembre y Tenencia Morelos del 9 al 11 de diciembre.<\/p>\n","protected":false},"excerpt":{"rendered":"<p>Con el objetivo de promover la cultura de la prevenci\u00f3n y fomentar la salud en el municipio, la Presidenta Honoraria del DIF Morelia, Paola Delgadillo de Mart\u00ednez, present\u00f3 la ma\u00f1ana de este lunes la campa\u00f1a \u201cHoy Toca Por Ti\u201d que se realizar\u00e1 en el municipio a partir del mes de octubre con motivo del Mes de la Lucha Contra el C\u00e1ncer de Seno.<\/p>\n","protected":false},"author":1,"featured_media":26134,"comment_status":"open","ping_status":"open","sticky":false,"template":"","format":"standard","meta":{"footnotes":""},"categories":[14,9],"tags":[],"class_list":["post-26133","post","type-post","status-publish","format-standard","has-post-thumbnail","hentry","category-destacadas","category-morelia"],"_links":{"self":[{"href":"https:\/\/radiowebmx.com\/nota\/wp-json\/wp\/v2\/posts\/26133","targetHints":{"allow":["GET"]}}],"collection":[{"href":"https:\/\/radiowebmx.com\/nota\/wp-json\/wp\/v2\/posts"}],"about":[{"href":"https:\/\/radiowebmx.com\/nota\/wp-json\/wp\/v2\/types\/post"}],"author":[{"embeddable":true,"href":"https:\/\/radiowebmx.com\/nota\/wp-json\/wp\/v2\/users\/1"}],"replies":[{"embeddable":true,"href":"https:\/\/radiowebmx.com\/nota\/wp-json\/wp\/v2\/comments?post=26133"}],"version-history":[{"count":1,"href":"https:\/\/radiowebmx.com\/nota\/wp-json\/wp\/v2\/posts\/26133\/revisions"}],"predecessor-version":[{"id":26135,"href":"https:\/\/radiowebmx.com\/nota\/wp-json\/wp\/v2\/posts\/26133\/revisions\/26135"}],"wp:featuredmedia":[{"embeddable":true,"href":"https:\/\/radiowebmx.com\/nota\/wp-json\/wp\/v2\/media\/26134"}],"wp:attachment":[{"href":"https:\/\/radiowebmx.com\/nota\/wp-json\/wp\/v2\/media?parent=26133"}],"wp:term":[{"taxonomy":"category","embeddable":true,"href":"https:\/\/radiowebmx.com\/nota\/wp-json\/wp\/v2\/categories?post=26133"},{"taxonomy":"post_tag","embeddable":true,"href":"https:\/\/radiowebmx.com\/nota\/wp-json\/wp\/v2\/tags?post=26133"}],"curies":[{"name":"wp","href":"https:\/\/api.w.org\/{rel}","templated":true}]}}