{"id":26102,"date":"2016-09-23T12:23:45","date_gmt":"2016-09-23T17:23:45","guid":{"rendered":"https:\/\/radiowebmx.com\/nota\/?p=26102"},"modified":"2016-09-23T12:23:45","modified_gmt":"2016-09-23T17:23:45","slug":"mando-unificado-estrategia-eficaz-para-preservar-los-recursos-forestales","status":"publish","type":"post","link":"https:\/\/radiowebmx.com\/nota\/mando-unificado-estrategia-eficaz-para-preservar-los-recursos-forestales\/","title":{"rendered":"Mando Unificado, estrategia eficaz para preservar los recursos forestales"},"content":{"rendered":"<p>Morelia, Michoac\u00e1n, a 23 de septiembre de 2016.- Los programas estrat\u00e9gicos implementados para el desarrollo, preservaci\u00f3n y cuidado de los recursos forestales en el primer a\u00f1o de la administraci\u00f3n que encabeza el Gobernador Silvano Aureoles Conejo, permitieron unificar acciones entre los tres \u00f3rdenes de gobierno para la prevenci\u00f3n y combate de incendios en los bosques y selvas, bajo un Mando Unificado.<\/p>\n<p>El director general de la Comisi\u00f3n Forestal del Estado de Michoac\u00e1n (Cofom), Roberto P\u00e9rez Medrano, destac\u00f3 que el trabajo conjunto y coordinado logr\u00f3 enfrentar la temporada de estiaje 2016, que fue de clima extremoso con altas temperaturas y baja humedad relativa.<\/p>\n<p>Esto, aunado a la gran acumulaci\u00f3n de combustible org\u00e1nico en los bosques y selvas de Michoac\u00e1n, propici\u00f3 la presencia de incendios que fueron provocados principalmente para cambio de uso del suelo y establecer cultivos agr\u00edcolas y frut\u00edcolas, y en algunos casos para el crecimiento de \u00e1reas urbanas.<\/p>\n<p>Empero, resalt\u00f3 el funcionario estatal, este trabajo conjunto para construir un mejor futuro en torno a la preservaci\u00f3n de los recursos forestales, dio paso a l\u00edneas de operaci\u00f3n para atender con eficacia y eficiencia todos y cada uno de los incendios forestales que se presentaron en este periodo, por lo que los indicadores de eficiencia logrados en Michoac\u00e1n fueron superiores a la media nacional.<\/p>\n<p>Detall\u00f3 que los incendios forestales de mayor relevancia fueron combatidos por instituciones de los tres \u00f3rdenes de gobierno, adem\u00e1s de que se cont\u00f3 con el apoyo de personal especializado de los estados de Jalisco, M\u00e9xico y de la Ciudad de M\u00e9xico. De igual forma, el Gobierno jalisciense y la Polic\u00eda Federal dieron su respaldo con equipo a\u00e9reo.<\/p>\n<p>Subray\u00f3 que los siniestros fueron combatidos de manera oportuna y coordinada por 108 brigadas que operaron bajo un Mando Unificado, integrado por la Cofom, la Comisi\u00f3n Nacional Forestal, la Comisi\u00f3n Nacional de \u00c1reas Naturales Protegidas y Protecci\u00f3n Civil del Estado.<\/p>\n<p>Asimismo, se coordinaron acciones con 38 ayuntamientos, asociaciones de silvicultores, productores y voluntarios, destacando la participaci\u00f3n de personal de la Secretar\u00eda de la Defensa Nacional.<\/p>\n<p>En conjunto, precis\u00f3 el titular de la Cofom, este a\u00f1o se invirtieron 55 millones de pesos para la prevenci\u00f3n y el combate de los incendios forestales.<\/p>\n","protected":false},"excerpt":{"rendered":"<p>Durante el primer a\u00f1o de la administraci\u00f3n que encabeza el Gobernador Silvano Aureoles Conejo, los tres \u00f3rdenes de gobierno coordinaron acciones para prevenir y combatir los incendios en bosques y selvas.<\/p>\n","protected":false},"author":1,"featured_media":0,"comment_status":"open","ping_status":"open","sticky":false,"template":"","format":"standard","meta":{"footnotes":""},"categories":[3],"tags":[],"class_list":["post-26102","post","type-post","status-publish","format-standard","hentry","category-gobierno-del-estado-de-michoacan"],"_links":{"self":[{"href":"https:\/\/radiowebmx.com\/nota\/wp-json\/wp\/v2\/posts\/26102","targetHints":{"allow":["GET"]}}],"collection":[{"href":"https:\/\/radiowebmx.com\/nota\/wp-json\/wp\/v2\/posts"}],"about":[{"href":"https:\/\/radiowebmx.com\/nota\/wp-json\/wp\/v2\/types\/post"}],"author":[{"embeddable":true,"href":"https:\/\/radiowebmx.com\/nota\/wp-json\/wp\/v2\/users\/1"}],"replies":[{"embeddable":true,"href":"https:\/\/radiowebmx.com\/nota\/wp-json\/wp\/v2\/comments?post=26102"}],"version-history":[{"count":1,"href":"https:\/\/radiowebmx.com\/nota\/wp-json\/wp\/v2\/posts\/26102\/revisions"}],"predecessor-version":[{"id":26103,"href":"https:\/\/radiowebmx.com\/nota\/wp-json\/wp\/v2\/posts\/26102\/revisions\/26103"}],"wp:attachment":[{"href":"https:\/\/radiowebmx.com\/nota\/wp-json\/wp\/v2\/media?parent=26102"}],"wp:term":[{"taxonomy":"category","embeddable":true,"href":"https:\/\/radiowebmx.com\/nota\/wp-json\/wp\/v2\/categories?post=26102"},{"taxonomy":"post_tag","embeddable":true,"href":"https:\/\/radiowebmx.com\/nota\/wp-json\/wp\/v2\/tags?post=26102"}],"curies":[{"name":"wp","href":"https:\/\/api.w.org\/{rel}","templated":true}]}}