{"id":26087,"date":"2016-09-23T11:41:40","date_gmt":"2016-09-23T16:41:40","guid":{"rendered":"https:\/\/radiowebmx.com\/nota\/?p=26087"},"modified":"2016-09-23T11:41:40","modified_gmt":"2016-09-23T16:41:40","slug":"fortalece-el-gobierno-estatal-al-nivel-basico-con-escuelas-de-tiempo-completo","status":"publish","type":"post","link":"https:\/\/radiowebmx.com\/nota\/fortalece-el-gobierno-estatal-al-nivel-basico-con-escuelas-de-tiempo-completo\/","title":{"rendered":"Fortalece el Gobierno estatal al nivel b\u00e1sico con Escuelas de Tiempo Completo"},"content":{"rendered":"<p>Morelia, Michoac\u00e1n, a 23 de septiembre de 2016.- Con un monto de 198 millones 418 mil pesos, durante el primer a\u00f1o de la administraci\u00f3n que encabeza el Gobernador Silvano Aureoles Conejo se oper\u00f3 el programa de Escuelas de Tiempo Completo (ETC) 2015-2016, que se destin\u00f3 al pago de alimentaci\u00f3n para los alumnos, compensaci\u00f3n a directores, docentes y personal de apoyo de educaci\u00f3n b\u00e1sica. <\/p>\n<p>Gracias al apoyo de las autoridades, durante la presente administraci\u00f3n se benefici\u00f3 a 65 mil 303 alumnos, 688 directores, 3 mil 168 docentes, 215 intendentes, 756 coordinadores de alimentos, con un avance del 75 por ciento.<\/p>\n<p>ETC es un programa de la Secretar\u00eda de Educaci\u00f3n P\u00fablica (SEP) que se orienta al fortalecimiento de la educaci\u00f3n b\u00e1sica.<\/p>\n<p>Asimismo, encamina sus esfuerzos para dar cumplimiento a lo dispuesto en el art\u00edculo tercero de la Constituci\u00f3n, el cual establece que el Estado garantizar\u00e1 la calidad en la educaci\u00f3n obligatoria, de manera que los materiales y m\u00e9todos educativos, la organizaci\u00f3n escolar, la infraestructura educativa y la idoneidad de los docentes y directivos garanticen el m\u00e1ximo logro de aprendizaje de los educandos. <\/p>\n<p>Adem\u00e1s, se orienta a desarrollar una nueva escuela con una jornada escolar entre seis y ocho horas diarias, en la que se favorezca la calidad educativa con equidad.<\/p>\n<p>El objetivo es propiciar el avance continuo del aprendizaje del alumnado a trav\u00e9s de la ampliaci\u00f3n y el uso eficiente del tiempo escolar, la mejora de las pr\u00e1cticas de ense\u00f1anza, el trabajo colaborativo y colegiado, el fortalecimiento de la autonom\u00eda de gesti\u00f3n escolar y la incorporaci\u00f3n de nuevos materiales educativos.<\/p>\n<p>Con este tipo de programas que operan a trav\u00e9s de la Secretar\u00eda de Educaci\u00f3n en el Estado (SEE), el Gobierno del Estado busca que los estudiantes permanezcan en las aulas, brind\u00e1ndoles alimentaci\u00f3n y espacios dignos que coadyuven en el esfuerzo familiar para poder concretar estudios de educaci\u00f3n b\u00e1sica.<\/p>\n<p>De este modo, la administraci\u00f3n que encabeza el Gobernador Silvano Aureoles Conejo trabaja para convertir a la educaci\u00f3n en un elemento de cohesi\u00f3n social y fortalecer a su vez la calidad educativa de los y las estudiantes de Michoac\u00e1n<\/p>\n","protected":false},"excerpt":{"rendered":"<p>Con un monto de 198 millones 418 mil pesos, durante el primer a\u00f1o de la administraci\u00f3n que encabeza el Gobernador Silvano Aureoles Conejo se oper\u00f3 el programa de Escuelas de Tiempo Completo (ETC) 2015-2016, que se destin\u00f3 al pago de alimentaci\u00f3n para los alumnos, compensaci\u00f3n a directores, docentes y personal de apoyo de educaci\u00f3n b\u00e1sica. <\/p>\n","protected":false},"author":1,"featured_media":26088,"comment_status":"open","ping_status":"open","sticky":false,"template":"","format":"standard","meta":{"footnotes":""},"categories":[14,3],"tags":[],"class_list":["post-26087","post","type-post","status-publish","format-standard","has-post-thumbnail","hentry","category-destacadas","category-gobierno-del-estado-de-michoacan"],"_links":{"self":[{"href":"https:\/\/radiowebmx.com\/nota\/wp-json\/wp\/v2\/posts\/26087","targetHints":{"allow":["GET"]}}],"collection":[{"href":"https:\/\/radiowebmx.com\/nota\/wp-json\/wp\/v2\/posts"}],"about":[{"href":"https:\/\/radiowebmx.com\/nota\/wp-json\/wp\/v2\/types\/post"}],"author":[{"embeddable":true,"href":"https:\/\/radiowebmx.com\/nota\/wp-json\/wp\/v2\/users\/1"}],"replies":[{"embeddable":true,"href":"https:\/\/radiowebmx.com\/nota\/wp-json\/wp\/v2\/comments?post=26087"}],"version-history":[{"count":1,"href":"https:\/\/radiowebmx.com\/nota\/wp-json\/wp\/v2\/posts\/26087\/revisions"}],"predecessor-version":[{"id":26089,"href":"https:\/\/radiowebmx.com\/nota\/wp-json\/wp\/v2\/posts\/26087\/revisions\/26089"}],"wp:featuredmedia":[{"embeddable":true,"href":"https:\/\/radiowebmx.com\/nota\/wp-json\/wp\/v2\/media\/26088"}],"wp:attachment":[{"href":"https:\/\/radiowebmx.com\/nota\/wp-json\/wp\/v2\/media?parent=26087"}],"wp:term":[{"taxonomy":"category","embeddable":true,"href":"https:\/\/radiowebmx.com\/nota\/wp-json\/wp\/v2\/categories?post=26087"},{"taxonomy":"post_tag","embeddable":true,"href":"https:\/\/radiowebmx.com\/nota\/wp-json\/wp\/v2\/tags?post=26087"}],"curies":[{"name":"wp","href":"https:\/\/api.w.org\/{rel}","templated":true}]}}