{"id":26081,"date":"2016-09-23T11:21:29","date_gmt":"2016-09-23T16:21:29","guid":{"rendered":"https:\/\/radiowebmx.com\/nota\/?p=26081"},"modified":"2016-09-23T11:21:29","modified_gmt":"2016-09-23T16:21:29","slug":"gobierno-municipal-y-ciudadania-se-suman-para-rescatar-espacios-publicos","status":"publish","type":"post","link":"https:\/\/radiowebmx.com\/nota\/gobierno-municipal-y-ciudadania-se-suman-para-rescatar-espacios-publicos\/","title":{"rendered":"Gobierno Municipal y ciudadan\u00eda, se suman para rescatar espacios p\u00fablicos"},"content":{"rendered":"<p>El Ayuntamiento de Morelia a trav\u00e9s de la Direcci\u00f3n de Enlace y Gesti\u00f3n Ciudadana Municipal, con la activa participaci\u00f3n de los morelianos, realiz\u00f3 la rehabilitaci\u00f3n del espacio p\u00fablico ubicado en la colonia Expropiaci\u00f3n Petrolera con la finalidad de dar \u00e1reas de convivencia familiar, deporte o recreaci\u00f3n a la poblaci\u00f3n.<\/p>\n<p>La labor de la Administraci\u00f3n Municipal que encabeza el Alcalde, Alfonso Mart\u00ednez Alc\u00e1zar, estuvo supervisada por el Delegado del Sector Independencia, V\u00edctor Amezcua Arista, quien destac\u00f3 que la meta es beneficiar a 4 colonias mensualmente con acciones que van desde atenci\u00f3n a \u00e1reas verdes, mantenimiento a juegos o aparatos de ejercicio.<\/p>\n<p>En esta ocasi\u00f3n se tuvo la participaci\u00f3n de m\u00e1s de 20 personas entre adultos, j\u00f3venes y ni\u00f1os quienes en coordinaci\u00f3n con autoridades municipales convivieron en un rato ameno para mejorar estos espacios p\u00fablicos de manera que sean utilizados para convivir, jugar o hacer deporte.<\/p>\n<p>Cabe recordar que estas actividades se realizan en conjunto con la Secretar\u00eda de Servicios P\u00fablicos mediante la labor de sus \u00e1reas operativas como son: La Direcci\u00f3n de Imagen Urbana, Residuos S\u00f3lidos, Alumbrado Sustentable, entre otras.<\/p>\n<p>El Ayuntamiento de Morelia busca fortalecer el tejido social de la ciudadan\u00eda al dotarla de lugares de sano esparcimiento que permitan el desarrollo de hombres y mujeres en convivencia familiar y con beneficio a su salud.<\/p>\n<p>Dentro del Sector Independencia se encuentran rescates en curso, como son en la colonia Juana Pav\u00f3n y en el fraccionamiento Cosmos, para fortalecer las \u00e1reas verdes como espacios de esparcimiento para la poblaci\u00f3n.<\/p>\n","protected":false},"excerpt":{"rendered":"<p>El Ayuntamiento de Morelia a trav\u00e9s de la Direcci\u00f3n de Enlace y Gesti\u00f3n Ciudadana Municipal, con la activa participaci\u00f3n de los morelianos, realiz\u00f3 la rehabilitaci\u00f3n del espacio p\u00fablico ubicado en la colonia Expropiaci\u00f3n Petrolera con la finalidad de dar \u00e1reas de convivencia familiar, deporte o recreaci\u00f3n a la poblaci\u00f3n.<\/p>\n","protected":false},"author":1,"featured_media":26082,"comment_status":"open","ping_status":"open","sticky":false,"template":"","format":"standard","meta":{"footnotes":""},"categories":[14,9],"tags":[],"class_list":["post-26081","post","type-post","status-publish","format-standard","has-post-thumbnail","hentry","category-destacadas","category-morelia"],"_links":{"self":[{"href":"https:\/\/radiowebmx.com\/nota\/wp-json\/wp\/v2\/posts\/26081","targetHints":{"allow":["GET"]}}],"collection":[{"href":"https:\/\/radiowebmx.com\/nota\/wp-json\/wp\/v2\/posts"}],"about":[{"href":"https:\/\/radiowebmx.com\/nota\/wp-json\/wp\/v2\/types\/post"}],"author":[{"embeddable":true,"href":"https:\/\/radiowebmx.com\/nota\/wp-json\/wp\/v2\/users\/1"}],"replies":[{"embeddable":true,"href":"https:\/\/radiowebmx.com\/nota\/wp-json\/wp\/v2\/comments?post=26081"}],"version-history":[{"count":1,"href":"https:\/\/radiowebmx.com\/nota\/wp-json\/wp\/v2\/posts\/26081\/revisions"}],"predecessor-version":[{"id":26083,"href":"https:\/\/radiowebmx.com\/nota\/wp-json\/wp\/v2\/posts\/26081\/revisions\/26083"}],"wp:featuredmedia":[{"embeddable":true,"href":"https:\/\/radiowebmx.com\/nota\/wp-json\/wp\/v2\/media\/26082"}],"wp:attachment":[{"href":"https:\/\/radiowebmx.com\/nota\/wp-json\/wp\/v2\/media?parent=26081"}],"wp:term":[{"taxonomy":"category","embeddable":true,"href":"https:\/\/radiowebmx.com\/nota\/wp-json\/wp\/v2\/categories?post=26081"},{"taxonomy":"post_tag","embeddable":true,"href":"https:\/\/radiowebmx.com\/nota\/wp-json\/wp\/v2\/tags?post=26081"}],"curies":[{"name":"wp","href":"https:\/\/api.w.org\/{rel}","templated":true}]}}