{"id":26076,"date":"2016-09-23T11:13:47","date_gmt":"2016-09-23T16:13:47","guid":{"rendered":"https:\/\/radiowebmx.com\/nota\/?p=26076"},"modified":"2016-09-23T11:13:47","modified_gmt":"2016-09-23T16:13:47","slug":"diputados-federales-del-pri-gestionan-en-sagarpa-beneficios-para-mujeres-y-jovenes-michoacanos-del-campo","status":"publish","type":"post","link":"https:\/\/radiowebmx.com\/nota\/diputados-federales-del-pri-gestionan-en-sagarpa-beneficios-para-mujeres-y-jovenes-michoacanos-del-campo\/","title":{"rendered":"DIPUTADOS FEDERALES DEL PRI GESTIONAN EN SAGARPA BENEFICIOS PARA MUJERES Y J\u00d3VENES MICHOACANOS DEL CAMPO"},"content":{"rendered":"<p>Ciudad de M\u00e9xico a 22 de septiembre de 2016.- Con la finalidad de continuar velando por el beneficio de los michoacanos, los diputados federales del PRI de la entidad, gestionaron ante la Secretar\u00eda de Agricultura, Ganader\u00eda, Desarrollo Rural, Pesca y Alimentaci\u00f3n (SAGARPA), en un encuentro con la subsecretaria de Desarrollo Rural, Mely Romero, que se implemente y se le de seguimiento a los programas \u201cEl campo en nuestras manos\u201d y &#8220;Arr\u00e1igate Joven&#8221;.<\/p>\n<p>El Diputado Federal V\u00edctor Silva Tejeda, puntualiz\u00f3 que las mujeres rurales son la fuerza y la esencia de la entidad, por ello a trav\u00e9s de \u201cEl campo en nuestras manos\u201d se identificar\u00e1n sus necesidades  y se reforzar\u00e1n sus capacidades; adem\u00e1s de posicionar su papel en el desarrollo de los n\u00facleos rurales y fortalecer su presencia en las actividades productivas del estado.<\/p>\n<p>\u201cA trav\u00e9s de la dependencia federal se les dar\u00e1 acceso a tecnolog\u00eda, innovaci\u00f3n y herramientas para hacer un campo productivo, competitivo, justo y rentable\u201d.<\/p>\n<p>Tambi\u00e9n explic\u00f3 que por medio de &#8220;Arr\u00e1igate Joven&#8221; se apoyar\u00e1 a los j\u00f3venes rurales para arraigarlos a sus comunidades de origen con servicios de extensi\u00f3n, innovaci\u00f3n y capacitaci\u00f3n. El objetivo es fortalecer sus talentos y capacidades mediante la gesti\u00f3n e implementaci\u00f3n de proyectos productivos territoriales que permitan mejorar sus ingresos y nivel de vida.<\/p>\n<p>De esta forma los representantes populares contin\u00faan trabajando en beneficio de los grupos sociales m\u00e1s desprotegidos de la entidad.<\/p>\n<p>Participaron en la reuni\u00f3n los legisladores: Rosa Alicia \u00c1lvarez, Fernando Salom\u00f3n Rosales, Alfredo Anaya, Antonio I. Orihuela y Omar No\u00e9 Bernardino.<\/p>\n","protected":false},"excerpt":{"rendered":"<p>Con la finalidad de continuar velando por el beneficio de los michoacanos, los diputados federales del PRI de la entidad, gestionaron ante la Secretar\u00eda de Agricultura, Ganader\u00eda, Desarrollo Rural, Pesca y Alimentaci\u00f3n (SAGARPA), en un encuentro con la subsecretaria de Desarrollo Rural<\/p>\n","protected":false},"author":1,"featured_media":26077,"comment_status":"open","ping_status":"open","sticky":false,"template":"","format":"standard","meta":{"footnotes":""},"categories":[14,11,12],"tags":[],"class_list":["post-26076","post","type-post","status-publish","format-standard","has-post-thumbnail","hentry","category-destacadas","category-partidos-politicos","category-pri"],"_links":{"self":[{"href":"https:\/\/radiowebmx.com\/nota\/wp-json\/wp\/v2\/posts\/26076","targetHints":{"allow":["GET"]}}],"collection":[{"href":"https:\/\/radiowebmx.com\/nota\/wp-json\/wp\/v2\/posts"}],"about":[{"href":"https:\/\/radiowebmx.com\/nota\/wp-json\/wp\/v2\/types\/post"}],"author":[{"embeddable":true,"href":"https:\/\/radiowebmx.com\/nota\/wp-json\/wp\/v2\/users\/1"}],"replies":[{"embeddable":true,"href":"https:\/\/radiowebmx.com\/nota\/wp-json\/wp\/v2\/comments?post=26076"}],"version-history":[{"count":1,"href":"https:\/\/radiowebmx.com\/nota\/wp-json\/wp\/v2\/posts\/26076\/revisions"}],"predecessor-version":[{"id":26078,"href":"https:\/\/radiowebmx.com\/nota\/wp-json\/wp\/v2\/posts\/26076\/revisions\/26078"}],"wp:featuredmedia":[{"embeddable":true,"href":"https:\/\/radiowebmx.com\/nota\/wp-json\/wp\/v2\/media\/26077"}],"wp:attachment":[{"href":"https:\/\/radiowebmx.com\/nota\/wp-json\/wp\/v2\/media?parent=26076"}],"wp:term":[{"taxonomy":"category","embeddable":true,"href":"https:\/\/radiowebmx.com\/nota\/wp-json\/wp\/v2\/categories?post=26076"},{"taxonomy":"post_tag","embeddable":true,"href":"https:\/\/radiowebmx.com\/nota\/wp-json\/wp\/v2\/tags?post=26076"}],"curies":[{"name":"wp","href":"https:\/\/api.w.org\/{rel}","templated":true}]}}