{"id":26073,"date":"2016-09-23T10:53:04","date_gmt":"2016-09-23T15:53:04","guid":{"rendered":"https:\/\/radiowebmx.com\/nota\/?p=26073"},"modified":"2016-09-23T10:53:04","modified_gmt":"2016-09-23T15:53:04","slug":"alfonso-martinez-refrenda-apoyo-a-ciudadanos-organizados","status":"publish","type":"post","link":"https:\/\/radiowebmx.com\/nota\/alfonso-martinez-refrenda-apoyo-a-ciudadanos-organizados\/","title":{"rendered":"Alfonso Mart\u00ednez refrenda apoyo a ciudadanos organizados"},"content":{"rendered":"<p>Comprometido con las necesidades de la ni\u00f1ez moreliana y siendo la estrecha vinculaci\u00f3n con los ciudadanos organizados un eje prioritario de la actual Administraci\u00f3n, el Presidente Municipal, Alfonso Mart\u00ednez Alc\u00e1zar, sostuvo este jueves un encuentro con integrantes del Patronato de la instituci\u00f3n de asistencia privada Mese Vasco de Quiroga, a quienes extern\u00f3 su inter\u00e9s por continuar trabajando de manera conjunta en beneficio de los menores que habitan al sur de la ciudad.<\/p>\n<p>Luego de escuchar por parte del Presidente del Patronato, Jos\u00e9 Luis Mar\u00edn Soto que el objetivo de dicha instituci\u00f3n es incorporar a menores en desventaja social a un proceso de formaci\u00f3n integral, as\u00ed como algunas peticiones concretas, el Alcalde manifest\u00f3 el respaldo del Ayuntamiento capitalino para apoyar, a trav\u00e9s de las dependencias involucradas, a esta organizaci\u00f3n.<\/p>\n<p>En este marco, reconoci\u00f3 la noble labor que realizan a favor de 272 ni\u00f1os y sus familias de 68 colonias del sur del municipio, por medio de apoyo econ\u00f3mico, pedag\u00f3gico, psicol\u00f3gico, m\u00e9dico y jur\u00eddico, as\u00ed como con diversos talleres, de tal manera que contin\u00faen su formaci\u00f3n acad\u00e9mica y evitar que est\u00e9n en situaci\u00f3n de calle.<\/p>\n<p>Acompa\u00f1ado de la Encargada de Despacho de la Direcci\u00f3n del DIF Municipal, Melissa V\u00e1squez P\u00e9rez, as\u00ed como representantes de la Secretar\u00eda de Desarrollo Humano y Bienestar Social, el Presidente Municipal se comprometi\u00f3 a entregar apoyos alimenticios mensuales adicionales a los que se otorgan para el sustento de los de escasos recursos que habitan en dicha \u00e1rea de la ciudad.<\/p>\n<p>Bajo este contexto, record\u00f3 que desde el inicio de la actual Administraci\u00f3n se realiz\u00f3 la depuraci\u00f3n del padr\u00f3n de beneficiarios de los apoyos alimenticios, con la finalidad de que estos llegar\u00e1n a quienes realmente lo necesitan, por lo que, considerando su situaci\u00f3n, no vio inconveniente en adherir a un mayor n\u00famero de ni\u00f1os Mese Vasco de Quiroga a este tipo de programas sociales.<\/p>\n<p>En su oportunidad, el Presidente del Patronato, Jos\u00e9 Luis Mar\u00edn, expres\u00f3 la voluntad de la instituci\u00f3n por seguir coordinando esfuerzos en beneficio de los menores y sus familias y puso sobre la mesa la posibilidad de hacer sinergia con el Gobierno Municipal para la construcci\u00f3n de un centro comunitario a un costado de la organizaci\u00f3n, as\u00ed como de una biblioteca digital.<\/p>\n<p>Posteriormente, el Jefe de la Comuna Moreliana realiz\u00f3 un recorrido por las instalaciones de Mese Vasco de Quiroga I.A.P., donde conoci\u00f3 las distintas aulas y espacios dedicados al desarrollo integral de la ni\u00f1ez.<\/p>\n","protected":false},"excerpt":{"rendered":"<p>Comprometido con las necesidades de la ni\u00f1ez moreliana y siendo la estrecha vinculaci\u00f3n con los ciudadanos organizados un eje prioritario de la actual Administraci\u00f3n, el Presidente Municipal, Alfonso Mart\u00ednez Alc\u00e1zar, sostuvo este jueves un encuentro con integrantes del Patronato de la instituci\u00f3n de asistencia privada Mese Vasco de Quiroga<\/p>\n","protected":false},"author":1,"featured_media":26074,"comment_status":"open","ping_status":"open","sticky":false,"template":"","format":"standard","meta":{"footnotes":""},"categories":[14,9],"tags":[],"class_list":["post-26073","post","type-post","status-publish","format-standard","has-post-thumbnail","hentry","category-destacadas","category-morelia"],"_links":{"self":[{"href":"https:\/\/radiowebmx.com\/nota\/wp-json\/wp\/v2\/posts\/26073","targetHints":{"allow":["GET"]}}],"collection":[{"href":"https:\/\/radiowebmx.com\/nota\/wp-json\/wp\/v2\/posts"}],"about":[{"href":"https:\/\/radiowebmx.com\/nota\/wp-json\/wp\/v2\/types\/post"}],"author":[{"embeddable":true,"href":"https:\/\/radiowebmx.com\/nota\/wp-json\/wp\/v2\/users\/1"}],"replies":[{"embeddable":true,"href":"https:\/\/radiowebmx.com\/nota\/wp-json\/wp\/v2\/comments?post=26073"}],"version-history":[{"count":1,"href":"https:\/\/radiowebmx.com\/nota\/wp-json\/wp\/v2\/posts\/26073\/revisions"}],"predecessor-version":[{"id":26075,"href":"https:\/\/radiowebmx.com\/nota\/wp-json\/wp\/v2\/posts\/26073\/revisions\/26075"}],"wp:featuredmedia":[{"embeddable":true,"href":"https:\/\/radiowebmx.com\/nota\/wp-json\/wp\/v2\/media\/26074"}],"wp:attachment":[{"href":"https:\/\/radiowebmx.com\/nota\/wp-json\/wp\/v2\/media?parent=26073"}],"wp:term":[{"taxonomy":"category","embeddable":true,"href":"https:\/\/radiowebmx.com\/nota\/wp-json\/wp\/v2\/categories?post=26073"},{"taxonomy":"post_tag","embeddable":true,"href":"https:\/\/radiowebmx.com\/nota\/wp-json\/wp\/v2\/tags?post=26073"}],"curies":[{"name":"wp","href":"https:\/\/api.w.org\/{rel}","templated":true}]}}