{"id":26063,"date":"2016-09-22T14:29:21","date_gmt":"2016-09-22T19:29:21","guid":{"rendered":"https:\/\/radiowebmx.com\/nota\/?p=26063"},"modified":"2016-09-22T14:29:21","modified_gmt":"2016-09-22T19:29:21","slug":"sin-interrupciones-las-labores-sustantivas-del-dif-michoacan","status":"publish","type":"post","link":"https:\/\/radiowebmx.com\/nota\/sin-interrupciones-las-labores-sustantivas-del-dif-michoacan\/","title":{"rendered":"Sin interrupciones, las labores sustantivas del DIF Michoac\u00e1n"},"content":{"rendered":"<p>Morelia, Michoac\u00e1n, a 22 de septiembre de 2016.- La directora general del Sistema para el Desarrollo Integral de la Familia (DIF) Michoac\u00e1n, Roc\u00edo Beamonte Romero, se\u00f1al\u00f3 que las labores sustantivas de cuidado a menores y adultos bajo resguardo del organismo no se han interrumpido pese a la toma de oficinas centrales por parte de integrantes de la Asociaci\u00f3n de Invidentes del Estado de Michoac\u00e1n.<\/p>\n<p>La funcionaria estatal precis\u00f3 que la atenci\u00f3n que se brinda a trav\u00e9s de las casas hogar adscritas al Sistema DIF Michoac\u00e1n no se interrumpen, por lo que asegur\u00f3 que los cuidados que se brindan a los menores es durante las 24 horas de los 365 d\u00edas del a\u00f1o.<\/p>\n<p>A\u00f1adi\u00f3 que la toma tampoco afecta el funcionamiento de la Procuradur\u00eda de Protecci\u00f3n a Ni\u00f1as, Ni\u00f1os y Adolescentes, as\u00ed como oficinas anexas, Centro de Arte y Cultura \u201cJos\u00e9 Mar\u00eda Morelos\u201d, Centros Asistenciales de Desarrollo Infantil (CADIS), entre otras \u00e1reas que se encuentran en la ciudad de Morelia, as\u00ed como en otros municipios del estado.<\/p>\n<p>La directora general del Sistema DIF Michoac\u00e1n hizo un llamado a los integrantes de la asociaci\u00f3n para buscar acuerdos y se liberen las instalaciones de las oficinas centrales, ya que existen otros servicios asistenciales que no se pueden prestar debido al cierre de estas instalaciones.<\/p>\n<p>Precis\u00f3 que uno de los servicios que no se ha podido brindar es la atenci\u00f3n telef\u00f3nica a aquellos beneficiarios del programa de becas y apoyos para menores y adultos mayores con discapacidad permanente \u201cAvanza DIFerente\u201d, quienes presentan alguna duda sobre el pago correspondiente al mes de agosto.<\/p>\n<p>Asimismo, se ha visto interrumpida la atenci\u00f3n a las personas que solicitan apoyos y que presentan sus solicitudes en oficinas centrales, tales como gesti\u00f3n de medicamentos, apoyos econ\u00f3micos, apoyos en especie, gestiones, entre otras.<\/p>\n","protected":false},"excerpt":{"rendered":"<p>La directora general del Sistema para el Desarrollo Integral de la Familia (DIF) Michoac\u00e1n, Roc\u00edo Beamonte Romero, se\u00f1al\u00f3 que las labores sustantivas de cuidado a menores y adultos bajo resguardo del organismo no se han interrumpido pese a la toma de oficinas centrales por parte de integrantes de la Asociaci\u00f3n de Invidentes del Estado de Michoac\u00e1n.<\/p>\n","protected":false},"author":1,"featured_media":26064,"comment_status":"open","ping_status":"open","sticky":false,"template":"","format":"standard","meta":{"footnotes":""},"categories":[14,3],"tags":[],"class_list":["post-26063","post","type-post","status-publish","format-standard","has-post-thumbnail","hentry","category-destacadas","category-gobierno-del-estado-de-michoacan"],"_links":{"self":[{"href":"https:\/\/radiowebmx.com\/nota\/wp-json\/wp\/v2\/posts\/26063","targetHints":{"allow":["GET"]}}],"collection":[{"href":"https:\/\/radiowebmx.com\/nota\/wp-json\/wp\/v2\/posts"}],"about":[{"href":"https:\/\/radiowebmx.com\/nota\/wp-json\/wp\/v2\/types\/post"}],"author":[{"embeddable":true,"href":"https:\/\/radiowebmx.com\/nota\/wp-json\/wp\/v2\/users\/1"}],"replies":[{"embeddable":true,"href":"https:\/\/radiowebmx.com\/nota\/wp-json\/wp\/v2\/comments?post=26063"}],"version-history":[{"count":1,"href":"https:\/\/radiowebmx.com\/nota\/wp-json\/wp\/v2\/posts\/26063\/revisions"}],"predecessor-version":[{"id":26065,"href":"https:\/\/radiowebmx.com\/nota\/wp-json\/wp\/v2\/posts\/26063\/revisions\/26065"}],"wp:featuredmedia":[{"embeddable":true,"href":"https:\/\/radiowebmx.com\/nota\/wp-json\/wp\/v2\/media\/26064"}],"wp:attachment":[{"href":"https:\/\/radiowebmx.com\/nota\/wp-json\/wp\/v2\/media?parent=26063"}],"wp:term":[{"taxonomy":"category","embeddable":true,"href":"https:\/\/radiowebmx.com\/nota\/wp-json\/wp\/v2\/categories?post=26063"},{"taxonomy":"post_tag","embeddable":true,"href":"https:\/\/radiowebmx.com\/nota\/wp-json\/wp\/v2\/tags?post=26063"}],"curies":[{"name":"wp","href":"https:\/\/api.w.org\/{rel}","templated":true}]}}