{"id":26053,"date":"2016-09-22T13:28:36","date_gmt":"2016-09-22T18:28:36","guid":{"rendered":"https:\/\/radiowebmx.com\/nota\/?p=26053"},"modified":"2016-09-22T13:28:36","modified_gmt":"2016-09-22T18:28:36","slug":"reune-programa-cine-y-teatro-en-tu-tenencia-a-mas-de-500-personas-en-capula-e-iratzio","status":"publish","type":"post","link":"https:\/\/radiowebmx.com\/nota\/reune-programa-cine-y-teatro-en-tu-tenencia-a-mas-de-500-personas-en-capula-e-iratzio\/","title":{"rendered":"Re\u00fane programa \u201cCine y Teatro en tu Tenencia\u201d a m\u00e1s de 500 personas en Capula e Iratzio"},"content":{"rendered":"<p>El Gerente de dicha dependencia municipal, Gaspar Hern\u00e1ndez Razo, afirm\u00f3 que llevar la cultura mediante el s\u00e9ptimo arte y la dramaturgia a la zona rural de Morelia, son una de las instrucciones del Alcalde, Alfonso Mart\u00ednez Alc\u00e1zar.<\/p>\n<p>Record\u00f3 que la obra teatral est\u00e1 cerca de cumplir 100 representaciones en el mes de octubre y que esta semana el programa visitar\u00e1 la Tenencia de Tac\u00edcuaro y la localidad de Cuanajillo el Grande, para dotar de un rato de diversi\u00f3n y cultura, as\u00ed como de convivencia entre la ciudadan\u00eda y el Gobierno Municipal.<\/p>\n<p>En este sentido, Hern\u00e1ndez Razo asegur\u00f3 que este proyecto tambi\u00e9n permite trabajar y estrechar los lazos con las autoridades auxiliares, como son los Jefes de Tenencia, con el fin de atender las necesidades m\u00e1s apremiantes de las comunidades y desde el \u00e1mbito de su competencia, preservar e impulsar el patrimonio cultural que tambi\u00e9n tienen las localidades del municipio.<\/p>\n<p>Gaspar Hern\u00e1ndez record\u00f3 a la poblaci\u00f3n que esta labor es parte de las 32 actividades que tan s\u00f3lo la Gerencia del Patrimonio Cultural tiene preparada para septiembre en el marco de las Fiestas Patrias y abarcar\u00e1 tambi\u00e9n parte del mes de octubre con este programa \u201cCine y Teatro en tu Tenencia\u201d.<\/p>\n","protected":false},"excerpt":{"rendered":"<p>El Programa \u201cCine y Teatro en tu Tenencia\u201d de la Gerencia del Patrimonio Cultural de Morelia, tan s\u00f3lo la semana  pasada reuni\u00f3 en Capula y la comunidad de Iratzio, un total de 550 personas, en donde chicos y grandes disfrutaron de pel\u00edculas y la obra de teatro \u201cAc\u00e1 de este lado\u201d, la cual se centra en el tema migrante.<\/p>\n","protected":false},"author":1,"featured_media":26054,"comment_status":"open","ping_status":"open","sticky":false,"template":"","format":"standard","meta":{"footnotes":""},"categories":[14,9],"tags":[],"class_list":["post-26053","post","type-post","status-publish","format-standard","has-post-thumbnail","hentry","category-destacadas","category-morelia"],"_links":{"self":[{"href":"https:\/\/radiowebmx.com\/nota\/wp-json\/wp\/v2\/posts\/26053","targetHints":{"allow":["GET"]}}],"collection":[{"href":"https:\/\/radiowebmx.com\/nota\/wp-json\/wp\/v2\/posts"}],"about":[{"href":"https:\/\/radiowebmx.com\/nota\/wp-json\/wp\/v2\/types\/post"}],"author":[{"embeddable":true,"href":"https:\/\/radiowebmx.com\/nota\/wp-json\/wp\/v2\/users\/1"}],"replies":[{"embeddable":true,"href":"https:\/\/radiowebmx.com\/nota\/wp-json\/wp\/v2\/comments?post=26053"}],"version-history":[{"count":1,"href":"https:\/\/radiowebmx.com\/nota\/wp-json\/wp\/v2\/posts\/26053\/revisions"}],"predecessor-version":[{"id":26055,"href":"https:\/\/radiowebmx.com\/nota\/wp-json\/wp\/v2\/posts\/26053\/revisions\/26055"}],"wp:featuredmedia":[{"embeddable":true,"href":"https:\/\/radiowebmx.com\/nota\/wp-json\/wp\/v2\/media\/26054"}],"wp:attachment":[{"href":"https:\/\/radiowebmx.com\/nota\/wp-json\/wp\/v2\/media?parent=26053"}],"wp:term":[{"taxonomy":"category","embeddable":true,"href":"https:\/\/radiowebmx.com\/nota\/wp-json\/wp\/v2\/categories?post=26053"},{"taxonomy":"post_tag","embeddable":true,"href":"https:\/\/radiowebmx.com\/nota\/wp-json\/wp\/v2\/tags?post=26053"}],"curies":[{"name":"wp","href":"https:\/\/api.w.org\/{rel}","templated":true}]}}