{"id":26046,"date":"2016-09-22T11:48:50","date_gmt":"2016-09-22T16:48:50","guid":{"rendered":"https:\/\/radiowebmx.com\/nota\/?p=26046"},"modified":"2016-09-22T11:48:50","modified_gmt":"2016-09-22T16:48:50","slug":"morelia-se-vestira-de-gala-con-la-xxxvii-edicion-del-rally-patrio","status":"publish","type":"post","link":"https:\/\/radiowebmx.com\/nota\/morelia-se-vestira-de-gala-con-la-xxxvii-edicion-del-rally-patrio\/","title":{"rendered":"Morelia se vestir\u00e1 de gala con la XXXVII edici\u00f3n del Rally Patrio"},"content":{"rendered":"<p>La ciudad de la cantera rosa se vestir\u00e1 de gala nuevamente gracias al deporte, ya que albergar\u00e1 la XXXVII edici\u00f3n del Rally Patrio, el pr\u00f3ximo s\u00e1bado 24 de septiembre, el cual contar\u00e1 con la hist\u00f3rica participaci\u00f3n de 49 tripulaciones de diversos puntos del pa\u00eds, impulsado por el Gobierno Municipal Independiente que encabeza el Presidente Alfonso Mart\u00ednez Alc\u00e1zar.<\/p>\n<p>El Jefe de la Comuna Moreliana, ha instruido al Instituto Municipal de Cultura F\u00edsica y Deporte (IMDE) la labor de fomentar el turismo deportivo en la capital michoacana, con el fin de posicionarla como uno de los mejores destinos del pa\u00eds por medio de eventos deportivos, tal como sucede en esta competencia organizada por el Club Automovil\u00edstico Morelia A.C. (CAMAC).<\/p>\n<p>Para dar a conocer los \u00faltimos detalles de la carrera se dieron cita: Gustavo Ju\u00e1rez Bedolla, Director General del IMDE; Carlos Ruano, Presidente del CAMAC; adem\u00e1s de Eduardo Naranjo, Coordinador General de la competencia, entre algunas personas m\u00e1s.<\/p>\n<p>\u201cLo que ocurre en la ciudad en lo que se refiere a materia deportiva que contribuya al fortalecimiento de nuestra sociedad as\u00ed como a la imagen de Morelia, debe ser apoyado de la mejor manera por el IMDE, esa fue la instrucci\u00f3n precisa del Alcalde, Alfonso Mart\u00ednez Alc\u00e1zar\u201d, afirm\u00f3 el Director General del IMDE, Gustavo Ju\u00e1rez Bedolla.<\/p>\n<p>\u201cNosotros estamos trabajando para consolidar este rally como el mejor del pa\u00eds, siempre hemos realizado las cosas de buena manera en cuanto a log\u00edstica, ahora tenemos un alto n\u00famero de tripulaciones y eso, de la mano con la verbena que planean las autoridades municipales, creemos que va a contribuir al crecimiento no solo de esta fecha, sino de nuestro deporte\u201d, extern\u00f3 el titular del CAMAC, Carlos Ruano.<\/p>\n<p>La XXXVII edici\u00f3n del Rally Patrio se desarrollar\u00e1 el pr\u00f3ximo s\u00e1bado 24 de septiembre, con la asistencia de 49 tripulaciones, su n\u00famero m\u00e1s alto en 15 a\u00f1os, provenientes de entidades como San Luis Potos\u00ed, Puebla, Oaxaca, Quer\u00e9taro, Estado de M\u00e9xico, Jalisco y Michoac\u00e1n, entre las que destaca el lider general del serial Francisco Name y su coequipero Armando Zapata.<\/p>\n<p>Esta carrera fungir\u00e1 adem\u00e1s como la 4\u00aa fecha del Campeonato Nacional de Rallies y tambi\u00e9n como la 6\u00aa del Regional de Occidente<\/p>\n<p>El trayecto comprender\u00e1 una distancia de 322 kil\u00f3metros, de los cuales 133 ser\u00e1n de tramos cronometrados y \u00e9ste pasar\u00e1 adem\u00e1s de la ciudad de Morelia, por algunos puntos importantes de los municipios de Quer\u00e9ndaro y Ciudad Hidalgo, para regresar a la capital por la emblem\u00e1tica carretera de Mil Cumbres y partir por la tarde a la etapa complementaria de la competencia.<\/p>\n<p>Entre la serie de actividades que se contemplan para hacer de este evento deportivo una aut\u00e9ntica fiesta se encuentran una muestra gastron\u00f3mica, la proyecci\u00f3n de videos que promuevan la cultura de los rallies, la convivencia de la sociedad con los pilotos y sus veh\u00edculos, esto mientras est\u00e1n en la estaci\u00f3n de servicio que ser\u00e1 montada al pie de la catedral y una exhibici\u00f3n de autos cl\u00e1sicos.<\/p>\n","protected":false},"excerpt":{"rendered":"<p>La ciudad de la cantera rosa se vestir\u00e1 de gala nuevamente gracias al deporte, ya que albergar\u00e1 la XXXVII edici\u00f3n del Rally Patrio, el pr\u00f3ximo s\u00e1bado 24 de septiembre, el cual contar\u00e1 con la hist\u00f3rica participaci\u00f3n de 49 tripulaciones de diversos puntos del pa\u00eds, impulsado por el Gobierno Municipal Independiente que encabeza el Presidente AMA.<\/p>\n","protected":false},"author":1,"featured_media":26047,"comment_status":"open","ping_status":"open","sticky":false,"template":"","format":"standard","meta":{"footnotes":""},"categories":[14,9],"tags":[],"class_list":["post-26046","post","type-post","status-publish","format-standard","has-post-thumbnail","hentry","category-destacadas","category-morelia"],"_links":{"self":[{"href":"https:\/\/radiowebmx.com\/nota\/wp-json\/wp\/v2\/posts\/26046","targetHints":{"allow":["GET"]}}],"collection":[{"href":"https:\/\/radiowebmx.com\/nota\/wp-json\/wp\/v2\/posts"}],"about":[{"href":"https:\/\/radiowebmx.com\/nota\/wp-json\/wp\/v2\/types\/post"}],"author":[{"embeddable":true,"href":"https:\/\/radiowebmx.com\/nota\/wp-json\/wp\/v2\/users\/1"}],"replies":[{"embeddable":true,"href":"https:\/\/radiowebmx.com\/nota\/wp-json\/wp\/v2\/comments?post=26046"}],"version-history":[{"count":1,"href":"https:\/\/radiowebmx.com\/nota\/wp-json\/wp\/v2\/posts\/26046\/revisions"}],"predecessor-version":[{"id":26048,"href":"https:\/\/radiowebmx.com\/nota\/wp-json\/wp\/v2\/posts\/26046\/revisions\/26048"}],"wp:featuredmedia":[{"embeddable":true,"href":"https:\/\/radiowebmx.com\/nota\/wp-json\/wp\/v2\/media\/26047"}],"wp:attachment":[{"href":"https:\/\/radiowebmx.com\/nota\/wp-json\/wp\/v2\/media?parent=26046"}],"wp:term":[{"taxonomy":"category","embeddable":true,"href":"https:\/\/radiowebmx.com\/nota\/wp-json\/wp\/v2\/categories?post=26046"},{"taxonomy":"post_tag","embeddable":true,"href":"https:\/\/radiowebmx.com\/nota\/wp-json\/wp\/v2\/tags?post=26046"}],"curies":[{"name":"wp","href":"https:\/\/api.w.org\/{rel}","templated":true}]}}