{"id":26044,"date":"2016-09-22T11:45:41","date_gmt":"2016-09-22T16:45:41","guid":{"rendered":"https:\/\/radiowebmx.com\/nota\/?p=26044"},"modified":"2016-09-22T11:45:41","modified_gmt":"2016-09-22T16:45:41","slug":"comisiones-conjuntas-del-ayuntamiento-de-morelia-inspeccionan-obras-de-infraestructura","status":"publish","type":"post","link":"https:\/\/radiowebmx.com\/nota\/comisiones-conjuntas-del-ayuntamiento-de-morelia-inspeccionan-obras-de-infraestructura\/","title":{"rendered":"Comisiones Conjuntas del Ayuntamiento de Morelia inspeccionan obras de infraestructura"},"content":{"rendered":"<p>En labor de Comisiones Conjuntas de Planeaci\u00f3n, Programaci\u00f3n y Desarrollo as\u00ed como Desarrollo Urbano y Obras P\u00fablicas, que coordinan los Regidores, Kathia Elena Ortiz \u00c1vila y Jorge Luis Tinoco Ortiz, respectivamente, se revisaron los avances que presentan diversas obras de infraestructura en Morelia.<\/p>\n<p>En este sentido Ortiz \u00c1vila record\u00f3 que el Cabildo, como \u00f3rgano m\u00e1ximo del Ayuntamiento, deber\u00e1 tener todos los proyectos ejecutivos y la calendarizaci\u00f3n de cada edificaci\u00f3n ejecutada por la Administraci\u00f3n Municipal para impulsar la trasparencia y certidumbre a la ciudadan\u00eda al dotarla de obras p\u00fablicas que se construyan y concluyan en este periodo de Gobierno.<\/p>\n<p>En esta mesa de trabajo los Regidores Kathia Ortiz, Jorge Tinoco y Salvador Arvizu Cisneros, contaron con la presencia y participaci\u00f3n de los Secretarios Juan Fernando Sosa Tapia de Desarrollo Metropolitano e Infraestructura; Yankel Ben\u00edtez Silva, de Administraci\u00f3n; y Alberto Guzm\u00e1n D\u00edaz, Tesorero.<\/p>\n<p>Adem\u00e1s de Norberto Bedolla Rend\u00f3n, Abogado General del Ayuntamiento de Morelia;  la Jefa de Departamento de Comisiones y Enlace Legislativo, Iliana Lomel\u00ed Ruiz; Jos\u00e9 Benadad Orozco Toledo, Contralor Municipal; Maricruz Ontiveros Aguilar, Directora de Inspecci\u00f3n y Vigilancia; Rafael C\u00e1rdenas Molina, Director de Infraestructura.<\/p>\n<p>En otro orden de ideas se abord\u00f3 el tema del ordenamiento urbano en la Avenida Juan Pablo Segundo para fortalecer el desarrollo de Morelia y que \u00e9ste se mantenga en los lineamientos que se tienen legalmente en el municipio.<\/p>\n<p>De esta manera el Ayuntamiento de Morelia busca el fortalecer la ejecuci\u00f3n de obras p\u00fablicas en beneficio de la poblaci\u00f3n y robustecer el desarrollo urbano de la ciudad.<\/p>\n","protected":false},"excerpt":{"rendered":"<p>En labor de Comisiones Conjuntas de Planeaci\u00f3n, Programaci\u00f3n y Desarrollo as\u00ed como Desarrollo Urbano y Obras P\u00fablicas, que coordinan los Regidores, Kathia Elena Ortiz \u00c1vila y Jorge Luis Tinoco Ortiz, respectivamente, se revisaron los avances que presentan diversas obras de infraestructura en Morelia.<\/p>\n","protected":false},"author":1,"featured_media":0,"comment_status":"open","ping_status":"open","sticky":false,"template":"","format":"standard","meta":{"footnotes":""},"categories":[14,9],"tags":[],"class_list":["post-26044","post","type-post","status-publish","format-standard","hentry","category-destacadas","category-morelia"],"_links":{"self":[{"href":"https:\/\/radiowebmx.com\/nota\/wp-json\/wp\/v2\/posts\/26044","targetHints":{"allow":["GET"]}}],"collection":[{"href":"https:\/\/radiowebmx.com\/nota\/wp-json\/wp\/v2\/posts"}],"about":[{"href":"https:\/\/radiowebmx.com\/nota\/wp-json\/wp\/v2\/types\/post"}],"author":[{"embeddable":true,"href":"https:\/\/radiowebmx.com\/nota\/wp-json\/wp\/v2\/users\/1"}],"replies":[{"embeddable":true,"href":"https:\/\/radiowebmx.com\/nota\/wp-json\/wp\/v2\/comments?post=26044"}],"version-history":[{"count":1,"href":"https:\/\/radiowebmx.com\/nota\/wp-json\/wp\/v2\/posts\/26044\/revisions"}],"predecessor-version":[{"id":26045,"href":"https:\/\/radiowebmx.com\/nota\/wp-json\/wp\/v2\/posts\/26044\/revisions\/26045"}],"wp:attachment":[{"href":"https:\/\/radiowebmx.com\/nota\/wp-json\/wp\/v2\/media?parent=26044"}],"wp:term":[{"taxonomy":"category","embeddable":true,"href":"https:\/\/radiowebmx.com\/nota\/wp-json\/wp\/v2\/categories?post=26044"},{"taxonomy":"post_tag","embeddable":true,"href":"https:\/\/radiowebmx.com\/nota\/wp-json\/wp\/v2\/tags?post=26044"}],"curies":[{"name":"wp","href":"https:\/\/api.w.org\/{rel}","templated":true}]}}