{"id":26030,"date":"2016-09-22T11:14:30","date_gmt":"2016-09-22T16:14:30","guid":{"rendered":"https:\/\/radiowebmx.com\/nota\/?p=26030"},"modified":"2016-09-22T11:14:30","modified_gmt":"2016-09-22T16:14:30","slug":"ayuntamiento-apuesta-a-la-capacitacion-y-la-seguridad-de-los-empleados-municipales","status":"publish","type":"post","link":"https:\/\/radiowebmx.com\/nota\/ayuntamiento-apuesta-a-la-capacitacion-y-la-seguridad-de-los-empleados-municipales\/","title":{"rendered":"\u00a1Ayuntamiento apuesta a la capacitaci\u00f3n y la seguridad de los empleados municipales"},"content":{"rendered":"<p>En sincron\u00eda con las pol\u00edticas implementadas por el Presidente Municipal de Morelia, Alfonso Mart\u00ednez Alc\u00e1zar, de apostar a la capacitaci\u00f3n y mejoramiento de las condiciones laborales de los empleados del Ayuntamiento, para as\u00ed ofrecer a los morelianos un mejor servicio, se inauguraron los Programas de Capacitaci\u00f3n, Seguridad e Higiene dirigidos a los trabajadores Municipales, al tiempo que se oficializ\u00f3 la instalaci\u00f3n de Comisiones Mixtas integradas por funcionarios y miembros del SEMACM, para la implementaci\u00f3n de estos programas.<\/p>\n<p>Con la presencia del S\u00edndico, Fabio Sistos Rangel; el Tesorero, Alberto Guzm\u00e1n D\u00edaz; el Secretario General del Sindicato de Empleados Municipales Administrativos y Conexos de Morelia (SEMACM), Jorge Alfredo Molina Baz\u00e1n y la Regidora Kathia Elena Ortiz \u00c1vila, el Secretario de Administraci\u00f3n, Yankel Ben\u00edtez Silva, dijo que para la Administraci\u00f3n Municipal, la capacitaci\u00f3n y la seguridad en el trabajo son temas ineludibles para la conformaci\u00f3n de un Gobierno eficiente.<\/p>\n<p>\u201cEl objetivo general es atender temas tendientes a la capacitaci\u00f3n, la prevenci\u00f3n de accidentes y construir espacios seguros y dignos en nuestros centros de trabajo\u201d, se\u00f1al\u00f3 Ben\u00edtez Silva.<\/p>\n<p>Inform\u00f3 que en total se tiene proyectado impartir un m\u00ednimo de 17 cursos de capacitaci\u00f3n a los empleados municipales, con un promedio de 400 participantes en cada uno de ellos, y aunado a esto \u201cse promover\u00e1n esquemas de seguridad en los inmuebles del municipio verificando las condiciones f\u00edsicas de los mismos con el fin de evitar accidentes que afecten a los empleados de la Administraci\u00f3n y a los visitantes\u201d.<\/p>\n<p>Concluy\u00f3 puntualizando que los ejes tem\u00e1ticos de estos cursos ser\u00e1n la capacitaci\u00f3n, calidad en el servicio, mejora de la t\u00e9cnica y sensibilizaci\u00f3n para cambio de actitudes, entre otros.<\/p>\n<p>Por su parte, el S\u00edndico Municipal, Fabio Sistos Rangel dijo que estos programas tienen como objetivo ampliar las capacidades de los servidores p\u00fablicos del Ayuntamiento mejorando sus conocimientos, \u201choy pretendemos continuar con la profesionalizaci\u00f3n de los hombres y mujeres que trabajan por Morelia, mientras los servidores p\u00fablicos est\u00e9n mejor capacitados tendremos una sociedad m\u00e1s coparticipe\u201d.<\/p>\n<p>Asimismo, agradeci\u00f3 al Secretario del SEMACM, Jorge Molina Baz\u00e1n, por la disposici\u00f3n de los miembros del Sindicato para recibir estas capacitaciones y afirm\u00f3 que estas iniciativas corresponden al impulso del Presidente Municipal, Alfonso Mart\u00ednez Alc\u00e1zar, de mejorar las condiciones de trabajo de los mismos.<\/p>\n<p>El l\u00edder Sindical, se mostr\u00f3 complacido con que sus agremiados unan fuerzas con los funcionarios municipales para ofrecer una adecuada atenci\u00f3n a los ciudadanos.<\/p>\n<p>La inauguraci\u00f3n de estos cursos de capacitaci\u00f3n incluy\u00f3 la conformaci\u00f3n de 4 Comisiones Mixtas conformadas por funcionarios municipales y miembros del SEMACM, mismas que contaran con cuatro miembros cada una y que se dividen en: Comisi\u00f3n de Capacitaci\u00f3n y Adiestramiento, Comisi\u00f3n de Seguridad e Higiene, Comisi\u00f3n de Escalaf\u00f3n y la Comisi\u00f3n de Jubilaci\u00f3n.<\/p>\n<p>Los cursos de capacitaci\u00f3n y seguridad ser\u00e1n impartidos durante el resto del a\u00f1o 2016.<\/p>\n","protected":false},"excerpt":{"rendered":"<p>En sincron\u00eda con las pol\u00edticas implementadas por el Presidente Municipal de Morelia, Alfonso Mart\u00ednez Alc\u00e1zar, de apostar a la capacitaci\u00f3n y mejoramiento de las condiciones laborales de los empleados del Ayuntamiento, para as\u00ed ofrecer a los morelianos un mejor servicio, se inauguraron los Programas de Capacitaci\u00f3n<\/p>\n","protected":false},"author":1,"featured_media":26031,"comment_status":"open","ping_status":"open","sticky":false,"template":"","format":"standard","meta":{"footnotes":""},"categories":[14,9],"tags":[],"class_list":["post-26030","post","type-post","status-publish","format-standard","has-post-thumbnail","hentry","category-destacadas","category-morelia"],"_links":{"self":[{"href":"https:\/\/radiowebmx.com\/nota\/wp-json\/wp\/v2\/posts\/26030","targetHints":{"allow":["GET"]}}],"collection":[{"href":"https:\/\/radiowebmx.com\/nota\/wp-json\/wp\/v2\/posts"}],"about":[{"href":"https:\/\/radiowebmx.com\/nota\/wp-json\/wp\/v2\/types\/post"}],"author":[{"embeddable":true,"href":"https:\/\/radiowebmx.com\/nota\/wp-json\/wp\/v2\/users\/1"}],"replies":[{"embeddable":true,"href":"https:\/\/radiowebmx.com\/nota\/wp-json\/wp\/v2\/comments?post=26030"}],"version-history":[{"count":1,"href":"https:\/\/radiowebmx.com\/nota\/wp-json\/wp\/v2\/posts\/26030\/revisions"}],"predecessor-version":[{"id":26032,"href":"https:\/\/radiowebmx.com\/nota\/wp-json\/wp\/v2\/posts\/26030\/revisions\/26032"}],"wp:featuredmedia":[{"embeddable":true,"href":"https:\/\/radiowebmx.com\/nota\/wp-json\/wp\/v2\/media\/26031"}],"wp:attachment":[{"href":"https:\/\/radiowebmx.com\/nota\/wp-json\/wp\/v2\/media?parent=26030"}],"wp:term":[{"taxonomy":"category","embeddable":true,"href":"https:\/\/radiowebmx.com\/nota\/wp-json\/wp\/v2\/categories?post=26030"},{"taxonomy":"post_tag","embeddable":true,"href":"https:\/\/radiowebmx.com\/nota\/wp-json\/wp\/v2\/tags?post=26030"}],"curies":[{"name":"wp","href":"https:\/\/api.w.org\/{rel}","templated":true}]}}