{"id":26024,"date":"2016-09-22T11:03:37","date_gmt":"2016-09-22T16:03:37","guid":{"rendered":"https:\/\/radiowebmx.com\/nota\/?p=26024"},"modified":"2016-09-22T11:03:37","modified_gmt":"2016-09-22T16:03:37","slug":"llama-wilfrido-lazaro-a-promover-la-cultura-de-la-paz-en-michoacan","status":"publish","type":"post","link":"https:\/\/radiowebmx.com\/nota\/llama-wilfrido-lazaro-a-promover-la-cultura-de-la-paz-en-michoacan\/","title":{"rendered":"LLAMA WILFRIDO L\u00c1ZARO A PROMOVER LA CULTURA DE LA PAZ EN MICHOAC\u00c1N"},"content":{"rendered":"<p>Morelia, Mich; Septiembre 22 de 2016.- El Diputado Wilfrido L\u00e1zaro Medina convoc\u00f3 a las autoridades de los 113 municipios as\u00ed como a los representantes de los tres poderes del estado para promover la Cultura de la Paz, la Prevenci\u00f3n de la Violencia y la Delincuencia, previendo para ello recursos  en el proyecto de presupuesto  del  2017.<br \/>\nLa propuesta de la ley del mismo nombre, que en meses pasados aprob\u00f3 el Congreso del Estado, es un  instrumento legal para la generaci\u00f3n de pol\u00edticas p\u00fablicas que promuevan la armon\u00eda social a trav\u00e9s fortalecimiento de los valores de la sociedad desde nuestra familia, a\u00f1adi\u00f3 el legislador michoacano.<br \/>\nEl Presidente de la Comisi\u00f3n de Seguridad P\u00fablica y Protecci\u00f3n Civil, quien present\u00f3 la iniciativa de ley que fue aprobada por unanimidad en julio pasado, resalto que se encuentran a la espera  de la promulgaci\u00f3n de la ley por parte del gobernador del Estado, quien ha ofrecido que as\u00ed ser\u00e1 en este mes de septiembre.<br \/>\nLos ayuntamientos y el Estado deber\u00e1n de considerar en su presupuesto del a\u00f1o 2017 recursos para darle viabilidad a esta ley que tiene como prop\u00f3sito el trabajo transversal y permanente en la promoci\u00f3n de la cultura de paz y la prevenci\u00f3n de la violencia y la delincuencia afirm\u00f3 L\u00e1zaro Medina.<br \/>\nApoy\u00e1ndose de manera transversal en temas como el deporte, la cultura, la convivencia vecinal, el rescate y aprovechamiento de espacios p\u00fablicos, as\u00ed como una pol\u00edtica de estado basada en el di\u00e1logo y la b\u00fasqueda de acuerdos con los grupos sociales para evitar que seguir escalando la violencia como el m\u00e9todo para la soluci\u00f3n de conflictos.<br \/>\nPor \u00faltimo, sentenci\u00f3 que todos podemos aportar en la promoci\u00f3n de la cultura de paz en Michoac\u00e1n.<\/p>\n","protected":false},"excerpt":{"rendered":"<p>El Diputado Wilfrido L\u00e1zaro Medina convoc\u00f3 a las autoridades de los 113 municipios as\u00ed como a los representantes de los tres poderes del estado para promover la Cultura de la Paz, la Prevenci\u00f3n de la Violencia y la Delincuencia, previendo para ello recursos  en el proyecto de presupuesto  del  2017.<\/p>\n","protected":false},"author":1,"featured_media":26025,"comment_status":"open","ping_status":"open","sticky":false,"template":"","format":"standard","meta":{"footnotes":""},"categories":[6,14,7],"tags":[],"class_list":["post-26024","post","type-post","status-publish","format-standard","has-post-thumbnail","hentry","category-congreso-del-estado","category-destacadas","category-grupo-parlamentario-del-pri"],"_links":{"self":[{"href":"https:\/\/radiowebmx.com\/nota\/wp-json\/wp\/v2\/posts\/26024","targetHints":{"allow":["GET"]}}],"collection":[{"href":"https:\/\/radiowebmx.com\/nota\/wp-json\/wp\/v2\/posts"}],"about":[{"href":"https:\/\/radiowebmx.com\/nota\/wp-json\/wp\/v2\/types\/post"}],"author":[{"embeddable":true,"href":"https:\/\/radiowebmx.com\/nota\/wp-json\/wp\/v2\/users\/1"}],"replies":[{"embeddable":true,"href":"https:\/\/radiowebmx.com\/nota\/wp-json\/wp\/v2\/comments?post=26024"}],"version-history":[{"count":1,"href":"https:\/\/radiowebmx.com\/nota\/wp-json\/wp\/v2\/posts\/26024\/revisions"}],"predecessor-version":[{"id":26026,"href":"https:\/\/radiowebmx.com\/nota\/wp-json\/wp\/v2\/posts\/26024\/revisions\/26026"}],"wp:featuredmedia":[{"embeddable":true,"href":"https:\/\/radiowebmx.com\/nota\/wp-json\/wp\/v2\/media\/26025"}],"wp:attachment":[{"href":"https:\/\/radiowebmx.com\/nota\/wp-json\/wp\/v2\/media?parent=26024"}],"wp:term":[{"taxonomy":"category","embeddable":true,"href":"https:\/\/radiowebmx.com\/nota\/wp-json\/wp\/v2\/categories?post=26024"},{"taxonomy":"post_tag","embeddable":true,"href":"https:\/\/radiowebmx.com\/nota\/wp-json\/wp\/v2\/tags?post=26024"}],"curies":[{"name":"wp","href":"https:\/\/api.w.org\/{rel}","templated":true}]}}