{"id":26020,"date":"2016-09-21T12:07:47","date_gmt":"2016-09-21T17:07:47","guid":{"rendered":"https:\/\/radiowebmx.com\/nota\/?p=26020"},"modified":"2016-09-21T12:07:47","modified_gmt":"2016-09-21T17:07:47","slug":"presidente-del-pri-michoacan-sostiene-dialogo-franco-y-abierto-con-jovenes","status":"publish","type":"post","link":"https:\/\/radiowebmx.com\/nota\/presidente-del-pri-michoacan-sostiene-dialogo-franco-y-abierto-con-jovenes\/","title":{"rendered":"PRESIDENTE DEL PRI MICHOAC\u00c1N SOSTIENE DI\u00c1LOGO FRANCO Y ABIERTO CON J\u00d3VENES"},"content":{"rendered":"<p>Morelia, Michoac\u00e1n a 21 de septiembre de 2016.- Con la participaci\u00f3n del dirigente estatal del Partido Revolucionario Institucional, V\u00edctor Silva Tejeda, el Caf\u00e9 Colosio retom\u00f3 sus actividades como foro para el intercambio de ideas entre los j\u00f3venes michoacanos y los actores p\u00fablicos que integran el \u00e1mbito pol\u00edtico de la entidad.<\/p>\n<p>En un di\u00e1logo informal y din\u00e1mico, V\u00edctor Silva comparti\u00f3 con los asistentes c\u00f3mo ha sido su proceso en la funci\u00f3n p\u00fablica as\u00ed como en la pol\u00edtica estatal y nacional, resaltando la cercan\u00eda que mantuvo con Luis Donaldo Colosio Murrieta.<\/p>\n<p>Al respecto, record\u00f3 el importante legado que dej\u00f3 en el pa\u00eds Luis Donaldo Colosio, de quien afirm\u00f3 sentir un enorme orgullo y agradecimiento por haber recibido su orientaci\u00f3n y apoyo.<\/p>\n<p>Rese\u00f1\u00f3 el acompa\u00f1amiento que tuvo de quien fuera candidato a la Presidencia de la Rep\u00fablica en 1994, cuando ambos recorrieron la Meseta Pur\u00e9pecha para promover los ideales y desarrollar la labor social que distinguen al tricolor. \u201cEso es algo que no se olvida, que deja para los michoacanos y para m\u00ed en lo personal, un antecedente, deja una huella muy importante porque era una persona excepcional\u201d, refiri\u00f3 V\u00edctor Silva al rememorar la amistad que sostuvo con el extinto l\u00edder partidista.<\/p>\n<p>A pregunta expresa de los j\u00f3venes, el tambi\u00e9n Diputado Federal, refiri\u00f3 que uno de los mayores retos que enfrenta el Revolucionario Institucional es continuar con el proyecto de naci\u00f3n que ha emprendido el presidente Enrique Pe\u00f1a Nieto, as\u00ed como enfocarse en las pr\u00f3ximas contiendas electorales, para lo cual, es primordial la participaci\u00f3n e iniciativa de los sectores m\u00e1s j\u00f3venes de la sociedad.<\/p>\n<p>Ante los asistentes, el dirigente del PRI Michoac\u00e1n, hizo un llamado a los j\u00f3venes del estado a que se sumen para hacer posible la conciliaci\u00f3n entre los grupos al interior del partido, recobrar la unidad y buscar caminos que fortalezcan al instituto pol\u00edtico y su relaci\u00f3n con la sociedad.<\/p>\n<p>Durante la reapertura del foro, la presidenta de la Fundaci\u00f3n Colosio en Michoac\u00e1n, la diputada Rosa Mar\u00eda de la Torre Torres, refiri\u00f3 que con la charla del dirigente Silva Tejeda, se retoma una din\u00e1mica que permite intercambiar puntos de vista entre j\u00f3venes y los personajes del quehacer p\u00fablico, todo ello enmarcado en un di\u00e1logo sin censuras, plural, franco y directo.<\/p>\n<p>En ese contexto, agradeci\u00f3 la participaci\u00f3n del legislador federal, de quien reconoci\u00f3 su trayectoria, liderazgo y trascendencia dentro del Revolucionario Institucional.<\/p>\n","protected":false},"excerpt":{"rendered":"<p>Con la participaci\u00f3n del dirigente estatal del Partido Revolucionario Institucional, V\u00edctor Silva Tejeda, el Caf\u00e9 Colosio retom\u00f3 sus actividades como foro para el intercambio de ideas entre los j\u00f3venes michoacanos y los actores p\u00fablicos que integran el \u00e1mbito pol\u00edtico de la entidad.<\/p>\n","protected":false},"author":1,"featured_media":26021,"comment_status":"open","ping_status":"open","sticky":false,"template":"","format":"standard","meta":{"footnotes":""},"categories":[14,11,12],"tags":[],"class_list":["post-26020","post","type-post","status-publish","format-standard","has-post-thumbnail","hentry","category-destacadas","category-partidos-politicos","category-pri"],"_links":{"self":[{"href":"https:\/\/radiowebmx.com\/nota\/wp-json\/wp\/v2\/posts\/26020","targetHints":{"allow":["GET"]}}],"collection":[{"href":"https:\/\/radiowebmx.com\/nota\/wp-json\/wp\/v2\/posts"}],"about":[{"href":"https:\/\/radiowebmx.com\/nota\/wp-json\/wp\/v2\/types\/post"}],"author":[{"embeddable":true,"href":"https:\/\/radiowebmx.com\/nota\/wp-json\/wp\/v2\/users\/1"}],"replies":[{"embeddable":true,"href":"https:\/\/radiowebmx.com\/nota\/wp-json\/wp\/v2\/comments?post=26020"}],"version-history":[{"count":1,"href":"https:\/\/radiowebmx.com\/nota\/wp-json\/wp\/v2\/posts\/26020\/revisions"}],"predecessor-version":[{"id":26022,"href":"https:\/\/radiowebmx.com\/nota\/wp-json\/wp\/v2\/posts\/26020\/revisions\/26022"}],"wp:featuredmedia":[{"embeddable":true,"href":"https:\/\/radiowebmx.com\/nota\/wp-json\/wp\/v2\/media\/26021"}],"wp:attachment":[{"href":"https:\/\/radiowebmx.com\/nota\/wp-json\/wp\/v2\/media?parent=26020"}],"wp:term":[{"taxonomy":"category","embeddable":true,"href":"https:\/\/radiowebmx.com\/nota\/wp-json\/wp\/v2\/categories?post=26020"},{"taxonomy":"post_tag","embeddable":true,"href":"https:\/\/radiowebmx.com\/nota\/wp-json\/wp\/v2\/tags?post=26020"}],"curies":[{"name":"wp","href":"https:\/\/api.w.org\/{rel}","templated":true}]}}